{"id":24527,"date":"2022-03-15T11:38:46","date_gmt":"2022-03-15T16:38:46","guid":{"rendered":"http:\/\/www.perupesquero.org\/web\/?p=24527"},"modified":"2022-03-15T11:38:47","modified_gmt":"2022-03-15T16:38:47","slug":"economia-de-peru-crece-un-286-interanual-en-enero-y-supera-las-expectativas","status":"publish","type":"post","link":"http:\/\/www.perupesquero.org\/web\/economia-de-peru-crece-un-286-interanual-en-enero-y-supera-las-expectativas\/","title":{"rendered":"Econom\u00eda de Per\u00fa crece un 2,86% interanual en enero y supera las expectativas"},"content":{"rendered":"\n<p>La econom\u00eda peruana creci\u00f3 un 2,86% interanual en enero, una cifra mayor a la esperada e impulsada por casi todos los sectores, con excepci\u00f3n de los rubros de manufactura, pesca y la construcci\u00f3n, inform\u00f3 el martes el gobierno.<\/p>\n\n\n\n<p>En enero del a\u00f1o pasado la econom\u00eda del segundo mayor productor mundial de cobre cay\u00f3 un 0,80% interanual, cuando Per\u00fa sufr\u00eda del cierre de gran parte de su industria y la restricci\u00f3n del tr\u00e1nsito de los ciudadanos por la pandemia del coronavirus.<\/p>\n\n\n\n<p>Analistas consultados por Reuters esperaban para enero una expansi\u00f3n del 1,8%. El gerente de estudios econ\u00f3micos del Banco Central, Adri\u00e1n Armas, hab\u00eda dicho el viernes que el crecimiento ser\u00eda similar a diciembre cuando avanz\u00f3 un 1,72%.<\/p>\n\n\n\n<p>La econom\u00eda peruana creci\u00f3 un 13,31% en 2021, la tasa m\u00e1s alta desde que tiene registro el banco central y luego de una contracci\u00f3n del 11,03% el a\u00f1o anterior.<\/p>\n\n\n\n<p>El sector de miner\u00eda e hidrocarburos, clave para la econom\u00eda del pa\u00eds, avanz\u00f3 en enero un 4,53% debido principalmente a una mayor producci\u00f3n de cobre, esta\u00f1o y oro, dijo el Instituto Nacional de Estad\u00edstica e Inform\u00e1tica (INEI).<\/p>\n\n\n\n<p>En tanto el sector de manufactura y el rubro de la construcci\u00f3n, las mayores generadoras de empleo, cayeron un 1,57% y un 0,59% en el primer mes del a\u00f1o, agreg\u00f3 el instituto.<\/p>\n\n\n\n<p>Fuente: \u00c1mericaeconom\u00eda<\/p>\n","protected":false},"excerpt":{"rendered":"<p>La econom\u00eda peruana creci\u00f3 un 2,86% interanual en enero, una cifra mayor a la esperada e impulsada por casi todos los sectores, con excepci\u00f3n de los rubros de manufactura, pesca y la construcci\u00f3n, inform\u00f3 el martes el gobierno. En enero del a\u00f1o pasado la econom\u00eda del segundo mayor productor mundial de cobre cay\u00f3 un 0,80% [&hellip;]<\/p>\n","protected":false},"author":2,"featured_media":24529,"comment_status":"open","ping_status":"open","sticky":false,"template":"","format":"standard","meta":{"footnotes":""},"categories":[63],"tags":[],"class_list":["post-24527","post","type-post","status-publish","format-standard","has-post-thumbnail","hentry","category-noticias"],"_links":{"self":[{"href":"http:\/\/www.perupesquero.org\/web\/wp-json\/wp\/v2\/posts\/24527","targetHints":{"allow":["GET"]}}],"collection":[{"href":"http:\/\/www.perupesquero.org\/web\/wp-json\/wp\/v2\/posts"}],"about":[{"href":"http:\/\/www.perupesquero.org\/web\/wp-json\/wp\/v2\/types\/post"}],"author":[{"embeddable":true,"href":"http:\/\/www.perupesquero.org\/web\/wp-json\/wp\/v2\/users\/2"}],"replies":[{"embeddable":true,"href":"http:\/\/www.perupesquero.org\/web\/wp-json\/wp\/v2\/comments?post=24527"}],"version-history":[{"count":1,"href":"http:\/\/www.perupesquero.org\/web\/wp-json\/wp\/v2\/posts\/24527\/revisions"}],"predecessor-version":[{"id":24530,"href":"http:\/\/www.perupesquero.org\/web\/wp-json\/wp\/v2\/posts\/24527\/revisions\/24530"}],"wp:featuredmedia":[{"embeddable":true,"href":"http:\/\/www.perupesquero.org\/web\/wp-json\/wp\/v2\/media\/24529"}],"wp:attachment":[{"href":"http:\/\/www.perupesquero.org\/web\/wp-json\/wp\/v2\/media?parent=24527"}],"wp:term":[{"taxonomy":"category","embeddable":true,"href":"http:\/\/www.perupesquero.org\/web\/wp-json\/wp\/v2\/categories?post=24527"},{"taxonomy":"post_tag","embeddable":true,"href":"http:\/\/www.perupesquero.org\/web\/wp-json\/wp\/v2\/tags?post=24527"}],"curies":[{"name":"wp","href":"https:\/\/api.w.org\/{rel}","templated":true}]}}