{"id":24497,"date":"2022-03-09T23:13:52","date_gmt":"2022-03-10T04:13:52","guid":{"rendered":"http:\/\/www.perupesquero.org\/web\/?p=24497"},"modified":"2022-03-09T23:13:53","modified_gmt":"2022-03-10T04:13:53","slug":"temperaturas-del-mar-peruano-influenciadas-por-el-ingreso-de-onda-kelvin","status":"publish","type":"post","link":"http:\/\/www.perupesquero.org\/web\/temperaturas-del-mar-peruano-influenciadas-por-el-ingreso-de-onda-kelvin\/","title":{"rendered":"Temperaturas del mar peruano influenciadas por el ingreso de onda Kelvin"},"content":{"rendered":"\n<p>El Servicio Nacional de Meteorolog\u00eda e Hidrolog\u00eda del Per\u00fa (SENAMHI) informa que en la Regi\u00f3n Ni\u00f1o 1+2 del Pac\u00edfico Oriental, que incluye la zona norte y centro del mar peruano, contin\u00faa el estado de alerta ante La Ni\u00f1a Costera debido a que la anomal\u00eda de la temperatura superficial del mar (TSM) se mantiene por debajo del umbral de -1\u00b0C desde diciembre de 2021, de acuerdo al \u00faltimo comunicado oficial ENFEN.<\/p>\n\n\n\n<p>Adem\u00e1s, un segundo evento consecutivo de La Ni\u00f1a en el Pac\u00edfico Central actualmente se viene desarrollando con una intensidad d\u00e9bil, el cual se prolongar\u00eda hasta mediados del oto\u00f1o del presente a\u00f1o, de acuerdo a la NOAA.<\/p>\n\n\n\n<p>Especialistas del SENAMHI explicaron que, en los \u00faltimos d\u00edas, la temperatura fr\u00eda del mar en la regi\u00f3n Ni\u00f1o 1+2 y frente al litoral peruano viene siendo afectada por el arribo de una onda Kelvin c\u00e1lida (prevista en el informe T\u00e9cnico ENFEN), evidenci\u00e1ndose un incremento en la temperatura del mar, principalmente en el norte del pa\u00eds. Sin embargo, a\u00fan se mantienen las condiciones fr\u00edas en gran parte del litoral peruano. Asimismo, no se prev\u00e9 la presencia de El Ni\u00f1o extraordinario, Modoki o cualquier otro tipo de anomal\u00eda c\u00e1lida en el Pac\u00edfico tropical ecuatorial, en lo que queda del verano 2022.<\/p>\n\n\n\n<p>El enfriamiento en el mar peruano viene limitando la normalizaci\u00f3n de las lluvias en gran parte de la vertiente occidental de los Andes. Durante febrero se presentaron deficiencias de hasta 100% en gran parte de esta regi\u00f3n, principalmente en la costa norte y sierra sur-occidental.&nbsp;<\/p>\n\n\n\n<p>El actual periodo de lluvias viene siendo modulado por la presencia de La Ni\u00f1a en el Pac\u00edfico central, la cual tiende a favorecer lluvias por encima de lo normal principalmente en la regi\u00f3n andina y amaz\u00f3nica. En tanto, el reciente calentamiento que se observa en el mar frente a Tumbes y Piura, por el arribo de la onda Kelvin c\u00e1lida viene favoreciendo lluvias aisladas en la parte baja de ambos departamentos.<\/p>\n\n\n\n<p>El SENAMHI, organismo adscrito al Ministerio del Ambiente, continuar\u00e1 informando sobre las condiciones del tiempo y clima a nivel nacional y recomienda a la poblaci\u00f3n mantenerse informada a trav\u00e9s de su p\u00e1gina web y redes sociales.<\/p>\n\n\n\n<p>Nota de prensa SENAHMI<\/p>\n","protected":false},"excerpt":{"rendered":"<p>El Servicio Nacional de Meteorolog\u00eda e Hidrolog\u00eda del Per\u00fa (SENAMHI) informa que en la Regi\u00f3n Ni\u00f1o 1+2 del Pac\u00edfico Oriental, que incluye la zona norte y centro del mar peruano, contin\u00faa el estado de alerta ante La Ni\u00f1a Costera debido a que la anomal\u00eda de la temperatura superficial del mar (TSM) se mantiene por debajo [&hellip;]<\/p>\n","protected":false},"author":2,"featured_media":24498,"comment_status":"open","ping_status":"open","sticky":false,"template":"","format":"standard","meta":{"footnotes":""},"categories":[63],"tags":[],"class_list":["post-24497","post","type-post","status-publish","format-standard","has-post-thumbnail","hentry","category-noticias"],"_links":{"self":[{"href":"http:\/\/www.perupesquero.org\/web\/wp-json\/wp\/v2\/posts\/24497","targetHints":{"allow":["GET"]}}],"collection":[{"href":"http:\/\/www.perupesquero.org\/web\/wp-json\/wp\/v2\/posts"}],"about":[{"href":"http:\/\/www.perupesquero.org\/web\/wp-json\/wp\/v2\/types\/post"}],"author":[{"embeddable":true,"href":"http:\/\/www.perupesquero.org\/web\/wp-json\/wp\/v2\/users\/2"}],"replies":[{"embeddable":true,"href":"http:\/\/www.perupesquero.org\/web\/wp-json\/wp\/v2\/comments?post=24497"}],"version-history":[{"count":1,"href":"http:\/\/www.perupesquero.org\/web\/wp-json\/wp\/v2\/posts\/24497\/revisions"}],"predecessor-version":[{"id":24499,"href":"http:\/\/www.perupesquero.org\/web\/wp-json\/wp\/v2\/posts\/24497\/revisions\/24499"}],"wp:featuredmedia":[{"embeddable":true,"href":"http:\/\/www.perupesquero.org\/web\/wp-json\/wp\/v2\/media\/24498"}],"wp:attachment":[{"href":"http:\/\/www.perupesquero.org\/web\/wp-json\/wp\/v2\/media?parent=24497"}],"wp:term":[{"taxonomy":"category","embeddable":true,"href":"http:\/\/www.perupesquero.org\/web\/wp-json\/wp\/v2\/categories?post=24497"},{"taxonomy":"post_tag","embeddable":true,"href":"http:\/\/www.perupesquero.org\/web\/wp-json\/wp\/v2\/tags?post=24497"}],"curies":[{"name":"wp","href":"https:\/\/api.w.org\/{rel}","templated":true}]}}