{"id":24407,"date":"2022-02-24T11:32:54","date_gmt":"2022-02-24T16:32:54","guid":{"rendered":"http:\/\/www.perupesquero.org\/web\/?p=24407"},"modified":"2022-02-24T11:32:59","modified_gmt":"2022-02-24T16:32:59","slug":"el-pib-de-peru-crecio-32-en-el-cuarto-trimestre-del-ano-2021","status":"publish","type":"post","link":"http:\/\/www.perupesquero.org\/web\/el-pib-de-peru-crecio-32-en-el-cuarto-trimestre-del-ano-2021\/","title":{"rendered":"El PIB de Per\u00fa creci\u00f3 3,2% en el cuarto trimestre del a\u00f1o 2021"},"content":{"rendered":"\n<p>En el cuarto trimestre del a\u00f1o 2021, el Producto Bruto Interno (PBI) se increment\u00f3 en 3,2% al compararlo con similar trimestre del a\u00f1o 2020, explicado principalmente por el incremento del consumo de las familias (4,0%) y las exportaciones de bienes y servicios (9,5%).<\/p>\n\n\n\n<p>Estas cifras las dio a conocer el Instituto Nacional de Estad\u00edstica e Inform\u00e1tica (INEI) en el informe t\u00e9cnico Comportamiento de la Econom\u00eda Peruana.<\/p>\n\n\n\n<p>La evoluci\u00f3n de la actividad econ\u00f3mica estuvo asociada al mayor n\u00famero de actividades productivas en operaci\u00f3n, en particular los servicios y al mayor acceso de la poblaci\u00f3n a los programas de vacunaci\u00f3n contra el COVID-19.<\/p>\n\n\n\n<p>En 4,0% aument\u00f3 el gasto de consumo final privado<\/p>\n\n\n\n<p>Durante el trimestre de estudio, el gasto de consumo final privado se increment\u00f3 en 4,0% comportamiento que estuvo asociado a la reactivaci\u00f3n econ\u00f3mica, as\u00ed como, a la recuperaci\u00f3n de la producci\u00f3n y el empleo de los trabajadores. Seg\u00fan la Encuesta Permanente de Empleo de Lima Metropolitana en el cuarto trimestre, la poblaci\u00f3n ocupada de la capital se increment\u00f3 en 12,7%, mientras que, los ingresos promedio del trabajo lo hicieron en 3,5%. En el a\u00f1o 2021 el consumo final privado se increment\u00f3 en 11,7%.<\/p>\n\n\n\n<p>Gasto de consumo final del gobierno disminuy\u00f3 en -4,8%<\/p>\n\n\n\n<p>El INEI inform\u00f3 que, el gasto de consumo final del gobierno baj\u00f3 en -4,8% debido al menor gasto de consumo en administraci\u00f3n p\u00fablica y defensa (-9,6%), que por su mayor participaci\u00f3n fue superior a los incrementos en salud&nbsp;p\u00fablica (12,6%) y en educaci\u00f3n p\u00fablica (2,3%). En el 2021 el consumo gubernamental creci\u00f3 6,0%.<\/p>\n\n\n\n<p>Inversi\u00f3n bruta fija disminuy\u00f3 en -3,7%<\/p>\n\n\n\n<p>En el cuarto trimestre de 2021, la inversi\u00f3n bruta fija fue menor en -3,7% respecto al mismo periodo del a\u00f1o anterior; explicado por la ca\u00edda de la construcci\u00f3n (-5,8%); sin embargo, crecieron las compras de maquinaria y equipo (0,2%). La inversi\u00f3n privada subi\u00f3 2,8% y la inversi\u00f3n p\u00fablica se contrajo en -25,5%. Por su mejor desempe\u00f1o en los trimestres anteriores, la inversi\u00f3n bruta fija cerr\u00f3 el 2021 con un crecimiento de 34,1%.<\/p>\n\n\n\n<p>Exportaciones crecieron en 9,5% y las importaciones en 12,0%<\/p>\n\n\n\n<p>En el trimestre de an\u00e1lisis, las exportaciones se incrementaron en 9,5% respecto al mismo periodo del a\u00f1o anterior, por la mayor demanda de productos tradicionales (6,3%) y no tradicionales (11,1%). Asimismo, las importaciones registraron un crecimiento de 12,0%, debido al incremento de las importaciones de bienes de consumo (13,1%); y materias primas y productos intermedios (14,2%), entre los principales. En el 2021 las exportaciones aumentaron 17,1% y las importaciones 25,1%.<\/p>\n\n\n\n<p>PRODUCTO BRUTO INTERNO por actividades en el cuarto trimestre de 2021<\/p>\n\n\n\n<p>La actividad&nbsp;<strong>Agricultura, Ganader\u00eda, Caza y Silvicultura<\/strong>&nbsp;se increment\u00f3 en 5,6% en comparaci\u00f3n con similar trimestre del a\u00f1o 2020, por el dinamismo de los subsectores agr\u00edcola (7,4%) y pecuario (3,2%). Al cierre del a\u00f1o 2021, esta actividad creci\u00f3 3,8% por el comportamiento positivo de ambos subsectores, agr\u00edcola (5,0%) y pecuario (1,9%).<\/p>\n\n\n\n<p>La actividad\u00a0<strong>Pesca y Acuicultura<\/strong>\u00a0disminuy\u00f3 en -7,9% en el cuarto trimestre, por la menor pesca mar\u00edtima (-8,2%) y la pesca continental (-2,8%). En el a\u00f1o 2021, la actividad Pesca sum\u00f3 un incremento de 2,8%, determinado por el avance de la pesca mar\u00edtima (6,2%); no obstante, la contracci\u00f3n de la pesca continental en -29,2%.<\/p>\n\n\n\n<p>Finanzas digital recogi\u00f3 data de INEI<\/p>\n","protected":false},"excerpt":{"rendered":"<p>En el cuarto trimestre del a\u00f1o 2021, el Producto Bruto Interno (PBI) se increment\u00f3 en 3,2% al compararlo con similar trimestre del a\u00f1o 2020, explicado principalmente por el incremento del consumo de las familias (4,0%) y las exportaciones de bienes y servicios (9,5%). Estas cifras las dio a conocer el Instituto Nacional de Estad\u00edstica e [&hellip;]<\/p>\n","protected":false},"author":2,"featured_media":24408,"comment_status":"open","ping_status":"open","sticky":false,"template":"","format":"standard","meta":{"footnotes":""},"categories":[63],"tags":[],"class_list":["post-24407","post","type-post","status-publish","format-standard","has-post-thumbnail","hentry","category-noticias"],"_links":{"self":[{"href":"http:\/\/www.perupesquero.org\/web\/wp-json\/wp\/v2\/posts\/24407","targetHints":{"allow":["GET"]}}],"collection":[{"href":"http:\/\/www.perupesquero.org\/web\/wp-json\/wp\/v2\/posts"}],"about":[{"href":"http:\/\/www.perupesquero.org\/web\/wp-json\/wp\/v2\/types\/post"}],"author":[{"embeddable":true,"href":"http:\/\/www.perupesquero.org\/web\/wp-json\/wp\/v2\/users\/2"}],"replies":[{"embeddable":true,"href":"http:\/\/www.perupesquero.org\/web\/wp-json\/wp\/v2\/comments?post=24407"}],"version-history":[{"count":2,"href":"http:\/\/www.perupesquero.org\/web\/wp-json\/wp\/v2\/posts\/24407\/revisions"}],"predecessor-version":[{"id":24410,"href":"http:\/\/www.perupesquero.org\/web\/wp-json\/wp\/v2\/posts\/24407\/revisions\/24410"}],"wp:featuredmedia":[{"embeddable":true,"href":"http:\/\/www.perupesquero.org\/web\/wp-json\/wp\/v2\/media\/24408"}],"wp:attachment":[{"href":"http:\/\/www.perupesquero.org\/web\/wp-json\/wp\/v2\/media?parent=24407"}],"wp:term":[{"taxonomy":"category","embeddable":true,"href":"http:\/\/www.perupesquero.org\/web\/wp-json\/wp\/v2\/categories?post=24407"},{"taxonomy":"post_tag","embeddable":true,"href":"http:\/\/www.perupesquero.org\/web\/wp-json\/wp\/v2\/tags?post=24407"}],"curies":[{"name":"wp","href":"https:\/\/api.w.org\/{rel}","templated":true}]}}