{"id":24390,"date":"2022-02-22T11:10:37","date_gmt":"2022-02-22T16:10:37","guid":{"rendered":"http:\/\/www.perupesquero.org\/web\/?p=24390"},"modified":"2022-02-22T11:10:43","modified_gmt":"2022-02-22T16:10:43","slug":"pl-n-1129-imarpe-debe-ser-presidido-por-un-catedratico-universitario-y-no-por-un-marino-en-retiro","status":"publish","type":"post","link":"http:\/\/www.perupesquero.org\/web\/pl-n-1129-imarpe-debe-ser-presidido-por-un-catedratico-universitario-y-no-por-un-marino-en-retiro\/","title":{"rendered":"PL N\u00b0 1129: IMARPE debe ser presidido por un catedr\u00e1tico universitario y no por un marino en retiro"},"content":{"rendered":"\n<p>A\u00fan sigue en Comisi\u00f3n y a la espera de un dictamen, el proyecto de Ley 1129-2021-CR, que promueve el fortalecimiento estrat\u00e9gico y sostenibilidad del Instituto del Mar del Per\u00fa, Imarpe, cuya finalidad es la de, aparte de promover la sostenibilidad institucional a trav\u00e9s de un marco jur\u00eddico t\u00e9cnico; la participaci\u00f3n cient\u00edfica especializadas, de las universidades p\u00fablicas, privadas, institutos, personas naturales, jur\u00eddicas y todas las interesadas en aportar investigaciones sobre el Mar, que al final resulte de inter\u00e9s y beneficio al pa\u00eds.<\/p>\n\n\n\n<p>Para el autor del proyecto, Jos\u00e9 Cueto Acervi, el Imarpe debe ampliar funciones de investigaci\u00f3n que aporten en forma general, dando oportunidad a especialistas, universitarios, investigadores y\/o conocedores del tema; por lo que considera de prioridad, la modificaci\u00f3n de algunos puntos en el funcionamiento de esta instituci\u00f3n adscrita al Ministerio de la Producci\u00f3n.<\/p>\n\n\n\n<p>S\u00cd bien es cierto, el Imarpe desarrolla investigaciones cient\u00edficas de los recursos marinos y continentales, tambi\u00e9n es cierto que debe de ampliarse para promover el aprovechamiento m\u00e1ximo sostenible de los recursos.<\/p>\n\n\n\n<p>De otro lado, la norma prev\u00e9 mantener en la Presidente del Consejo Directivo a un Oficial Almirante de la Marina de Guerra, en condici\u00f3n de retiro, dado al conocimiento y experiencia en la Direcci\u00f3n t\u00e9cnico administrativa de la Armada Peruana, pues resulta un elemento estrat\u00e9gico necesario, y quien tendr\u00e1 la absoluta potestad de remover o designar, al director Cient\u00edfico, Directores Generales, Directores de \u00d3rganos de L\u00ednea y otros; considera tambi\u00e9n la participaci\u00f3n en este mismo Consejo, de un representante de la Direcci\u00f3n General de Soberan\u00eda, Limites y Asuntos Ant\u00e1rticos del Ministerio de Relaciones Exteriores, todo ello, en busca de un financiamiento institucional y de inter\u00e9s para el pa\u00eds.<\/p>\n\n\n\n<p>Sin embargo, para algunos entendidos, un oficial retirado de la Marina, a\u00fan con conocimientos militares, no est\u00e1 calificado para el cargo, dado que el Imarpe, es una instituci\u00f3n que no es parte del sistema nacional de defensa, mucho menos tiene vinculaciones de orden militar. El hecho de poseer embarcaciones de investigaci\u00f3n no podr\u00eda ser un argumento factible, para darle la direcci\u00f3n a un oficial naval.<\/p>\n\n\n\n<p>La Comisi\u00f3n de Producci\u00f3n del Congreso sesionar\u00e1 esta semana y se espera agende el debate de este proyecto de Ley, del que ya se tiene oposici\u00f3n de un sector de la sociedad civil.<\/p>\n\n\n\n<p>Redacci\u00f3n PERUPESQUERO<\/p>\n","protected":false},"excerpt":{"rendered":"<p>A\u00fan sigue en Comisi\u00f3n y a la espera de un dictamen, el proyecto de Ley 1129-2021-CR, que promueve el fortalecimiento estrat\u00e9gico y sostenibilidad del Instituto del Mar del Per\u00fa, Imarpe, cuya finalidad es la de, aparte de promover la sostenibilidad institucional a trav\u00e9s de un marco jur\u00eddico t\u00e9cnico; la participaci\u00f3n cient\u00edfica especializadas, de las universidades [&hellip;]<\/p>\n","protected":false},"author":2,"featured_media":24393,"comment_status":"open","ping_status":"open","sticky":false,"template":"","format":"standard","meta":{"footnotes":""},"categories":[63],"tags":[],"class_list":["post-24390","post","type-post","status-publish","format-standard","has-post-thumbnail","hentry","category-noticias"],"_links":{"self":[{"href":"http:\/\/www.perupesquero.org\/web\/wp-json\/wp\/v2\/posts\/24390","targetHints":{"allow":["GET"]}}],"collection":[{"href":"http:\/\/www.perupesquero.org\/web\/wp-json\/wp\/v2\/posts"}],"about":[{"href":"http:\/\/www.perupesquero.org\/web\/wp-json\/wp\/v2\/types\/post"}],"author":[{"embeddable":true,"href":"http:\/\/www.perupesquero.org\/web\/wp-json\/wp\/v2\/users\/2"}],"replies":[{"embeddable":true,"href":"http:\/\/www.perupesquero.org\/web\/wp-json\/wp\/v2\/comments?post=24390"}],"version-history":[{"count":2,"href":"http:\/\/www.perupesquero.org\/web\/wp-json\/wp\/v2\/posts\/24390\/revisions"}],"predecessor-version":[{"id":24395,"href":"http:\/\/www.perupesquero.org\/web\/wp-json\/wp\/v2\/posts\/24390\/revisions\/24395"}],"wp:featuredmedia":[{"embeddable":true,"href":"http:\/\/www.perupesquero.org\/web\/wp-json\/wp\/v2\/media\/24393"}],"wp:attachment":[{"href":"http:\/\/www.perupesquero.org\/web\/wp-json\/wp\/v2\/media?parent=24390"}],"wp:term":[{"taxonomy":"category","embeddable":true,"href":"http:\/\/www.perupesquero.org\/web\/wp-json\/wp\/v2\/categories?post=24390"},{"taxonomy":"post_tag","embeddable":true,"href":"http:\/\/www.perupesquero.org\/web\/wp-json\/wp\/v2\/tags?post=24390"}],"curies":[{"name":"wp","href":"https:\/\/api.w.org\/{rel}","templated":true}]}}