{"id":24246,"date":"2022-01-20T14:55:18","date_gmt":"2022-01-20T19:55:18","guid":{"rendered":"http:\/\/www.perupesquero.org\/web\/?p=24246"},"modified":"2022-01-20T14:55:19","modified_gmt":"2022-01-20T19:55:19","slug":"ventanilla-jefe-de-estado-firma-decreto-que-declara-de-interes-nacional-la-emergencia-climatica","status":"publish","type":"post","link":"http:\/\/www.perupesquero.org\/web\/ventanilla-jefe-de-estado-firma-decreto-que-declara-de-interes-nacional-la-emergencia-climatica\/","title":{"rendered":"Ventanilla: Jefe de Estado firma decreto que declara de inter\u00e9s nacional la emergencia clim\u00e1tica"},"content":{"rendered":"\n<p>El presidente de la Rep\u00fablica, Pedro Castillo, suscribe el decreto supremo que declara de inter\u00e9s nacional la emergencia clim\u00e1tica.<\/p>\n\n\n\n<p>La actividad se lleva a cabo en la playa Cavero del distrito de Ventanilla.<\/p>\n\n\n\n<p>Participan en la ceremonia, la jefa del Gabinete Ministerial, Mirtha V\u00e1squez, el ministro del Ambiente, Rub\u00e9n Ram\u00edrez, congresistas y autoridades locales.<\/p>\n\n\n\n<p>En la v\u00edspera, V\u00e1squez anunci\u00f3 la formaci\u00f3n de un comit\u00e9 de crisis ante el derrame de petr\u00f3leo registrado en Ventanilla, con el objetivo de trabajar de manera articulada para remediar este desastre ecol\u00f3gico que afecta la fauna marina en la zona.<\/p>\n\n\n\n<p>El pasado 15 de enero se report\u00f3 un derrame de crudo en el mar de Ventanilla, de la refiner\u00eda La Pampilla, operada por la empresa Repsol.<\/p>\n\n\n\n<p>Tras reunirse con representantes de Repsol, el ministro del Ambiente, Rub\u00e9n Ram\u00edrez, se\u00f1al\u00f3 que el derrame ha sido de unos 6,000 barriles de petr\u00f3leo.&nbsp;<\/p>\n\n\n\n<p>La mancha de petr\u00f3leo ha llegado hasta Anc\u00f3n y Chancay, donde se registra un impacto negativo en la flora y fauna marina.&nbsp;<\/p>\n","protected":false},"excerpt":{"rendered":"<p>El presidente de la Rep\u00fablica, Pedro Castillo, suscribe el decreto supremo que declara de inter\u00e9s nacional la emergencia clim\u00e1tica. La actividad se lleva a cabo en la playa Cavero del distrito de Ventanilla. Participan en la ceremonia, la jefa del Gabinete Ministerial, Mirtha V\u00e1squez, el ministro del Ambiente, Rub\u00e9n Ram\u00edrez, congresistas y autoridades locales. En [&hellip;]<\/p>\n","protected":false},"author":2,"featured_media":24247,"comment_status":"open","ping_status":"open","sticky":false,"template":"","format":"standard","meta":{"footnotes":""},"categories":[63],"tags":[],"class_list":["post-24246","post","type-post","status-publish","format-standard","has-post-thumbnail","hentry","category-noticias"],"_links":{"self":[{"href":"http:\/\/www.perupesquero.org\/web\/wp-json\/wp\/v2\/posts\/24246","targetHints":{"allow":["GET"]}}],"collection":[{"href":"http:\/\/www.perupesquero.org\/web\/wp-json\/wp\/v2\/posts"}],"about":[{"href":"http:\/\/www.perupesquero.org\/web\/wp-json\/wp\/v2\/types\/post"}],"author":[{"embeddable":true,"href":"http:\/\/www.perupesquero.org\/web\/wp-json\/wp\/v2\/users\/2"}],"replies":[{"embeddable":true,"href":"http:\/\/www.perupesquero.org\/web\/wp-json\/wp\/v2\/comments?post=24246"}],"version-history":[{"count":1,"href":"http:\/\/www.perupesquero.org\/web\/wp-json\/wp\/v2\/posts\/24246\/revisions"}],"predecessor-version":[{"id":24248,"href":"http:\/\/www.perupesquero.org\/web\/wp-json\/wp\/v2\/posts\/24246\/revisions\/24248"}],"wp:featuredmedia":[{"embeddable":true,"href":"http:\/\/www.perupesquero.org\/web\/wp-json\/wp\/v2\/media\/24247"}],"wp:attachment":[{"href":"http:\/\/www.perupesquero.org\/web\/wp-json\/wp\/v2\/media?parent=24246"}],"wp:term":[{"taxonomy":"category","embeddable":true,"href":"http:\/\/www.perupesquero.org\/web\/wp-json\/wp\/v2\/categories?post=24246"},{"taxonomy":"post_tag","embeddable":true,"href":"http:\/\/www.perupesquero.org\/web\/wp-json\/wp\/v2\/tags?post=24246"}],"curies":[{"name":"wp","href":"https:\/\/api.w.org\/{rel}","templated":true}]}}