{"id":24204,"date":"2022-01-15T21:05:24","date_gmt":"2022-01-16T02:05:24","guid":{"rendered":"http:\/\/www.perupesquero.org\/web\/?p=24204"},"modified":"2022-01-15T21:05:25","modified_gmt":"2022-01-16T02:05:25","slug":"se-cancela-alerta-de-tsunami-en-la-costa-de-ecuador","status":"publish","type":"post","link":"http:\/\/www.perupesquero.org\/web\/se-cancela-alerta-de-tsunami-en-la-costa-de-ecuador\/","title":{"rendered":"Se cancela alerta de tsunami en la costa de Ecuador"},"content":{"rendered":"\n<p>El&nbsp;<strong>Servicio Nacional de Gesti\u00f3n de Riesgos y Emergencias del Ecuador (SNGRE)&nbsp;<\/strong>confirm\u00f3 que se cancela la alerta de tsunami en Ecuador.<\/p>\n\n\n\n<p>El anuncio lo hizo la tarde de este s\u00e1bado 15 de enero de 2022, tras un informe del&nbsp;<strong>Instituto Oceanogr\u00e1fico y Ant\u00e1rtico de la Armada del Ecuador (Inocar)<\/strong>&nbsp;emitido a las 17:27.<\/p>\n\n\n\n<p>Sin embargo, se mencion\u00f3 que el\u00a0<strong>estado de observaci\u00f3n<\/strong>\u00a0se mantiene, luego de la erupci\u00f3n del volc\u00e1n submarino<strong>\u00a0Tonga<\/strong>.<\/p>\n\n\n\n<p>\u201cSe registraron importantes&nbsp;<strong>perturbaciones&nbsp;<\/strong>del nivel del mar desde las 14:33, hora local continental, en La Libertad (Provincia de Santa Elena), Manta y Esmeraldas, de hasta 50 cm, las cuales&nbsp;se han mantenido estables durante la \u00faltima hora, por lo que se suspende la&nbsp;<strong>ADVERTENCIA DE TSUNAMI&nbsp;<\/strong>PARA LA COSTA CONTINENTAL DEL PA\u00cdS, pero se mantiene el ESTADO DE OBSERVACI\u00d3N\u201d, mencion\u00f3 la entidad.<\/p>\n\n\n\n<p>Este s\u00e1bado 15, se activaron las&nbsp;<strong>147 sirenas<\/strong>&nbsp;de advertencia en Ecuador, a modo de&nbsp;<strong>prevenci\u00f3n<\/strong>.<\/p>\n\n\n\n<p>De acuerdo con los registros de los mare\u00f3grafos en Santa Cruz y Baltra, actualmente existen perturbaciones en el nivel del mar generadas por la erupci\u00f3n volc\u00e1nica en la Isla Tonga, que llegaron a las<strong>&nbsp;Islas Gal\u00e1pagos&nbsp;<\/strong>desde las 11:43.<\/p>\n\n\n\n<p>El Servicio Nacional de Gesti\u00f3n de Riesgos sugiri\u00f3 suspender las\u00a0<strong>actividades mar\u00edtimas<\/strong>\u00a0y de\u00a0<strong>recreaci\u00f3n\u00a0<\/strong>hasta las 19:00 en la costa continental y 17:00 en la regi\u00f3n insular.<\/p>\n\n\n\n<p>Fuente: El Comercio- Ecuador<\/p>\n","protected":false},"excerpt":{"rendered":"<p>El&nbsp;Servicio Nacional de Gesti\u00f3n de Riesgos y Emergencias del Ecuador (SNGRE)&nbsp;confirm\u00f3 que se cancela la alerta de tsunami en Ecuador. El anuncio lo hizo la tarde de este s\u00e1bado 15 de enero de 2022, tras un informe del&nbsp;Instituto Oceanogr\u00e1fico y Ant\u00e1rtico de la Armada del Ecuador (Inocar)&nbsp;emitido a las 17:27. Sin embargo, se mencion\u00f3 que [&hellip;]<\/p>\n","protected":false},"author":2,"featured_media":24205,"comment_status":"open","ping_status":"open","sticky":false,"template":"","format":"standard","meta":{"footnotes":""},"categories":[63],"tags":[],"class_list":["post-24204","post","type-post","status-publish","format-standard","has-post-thumbnail","hentry","category-noticias"],"_links":{"self":[{"href":"http:\/\/www.perupesquero.org\/web\/wp-json\/wp\/v2\/posts\/24204","targetHints":{"allow":["GET"]}}],"collection":[{"href":"http:\/\/www.perupesquero.org\/web\/wp-json\/wp\/v2\/posts"}],"about":[{"href":"http:\/\/www.perupesquero.org\/web\/wp-json\/wp\/v2\/types\/post"}],"author":[{"embeddable":true,"href":"http:\/\/www.perupesquero.org\/web\/wp-json\/wp\/v2\/users\/2"}],"replies":[{"embeddable":true,"href":"http:\/\/www.perupesquero.org\/web\/wp-json\/wp\/v2\/comments?post=24204"}],"version-history":[{"count":1,"href":"http:\/\/www.perupesquero.org\/web\/wp-json\/wp\/v2\/posts\/24204\/revisions"}],"predecessor-version":[{"id":24206,"href":"http:\/\/www.perupesquero.org\/web\/wp-json\/wp\/v2\/posts\/24204\/revisions\/24206"}],"wp:featuredmedia":[{"embeddable":true,"href":"http:\/\/www.perupesquero.org\/web\/wp-json\/wp\/v2\/media\/24205"}],"wp:attachment":[{"href":"http:\/\/www.perupesquero.org\/web\/wp-json\/wp\/v2\/media?parent=24204"}],"wp:term":[{"taxonomy":"category","embeddable":true,"href":"http:\/\/www.perupesquero.org\/web\/wp-json\/wp\/v2\/categories?post=24204"},{"taxonomy":"post_tag","embeddable":true,"href":"http:\/\/www.perupesquero.org\/web\/wp-json\/wp\/v2\/tags?post=24204"}],"curies":[{"name":"wp","href":"https:\/\/api.w.org\/{rel}","templated":true}]}}