{"id":24165,"date":"2022-01-11T20:52:28","date_gmt":"2022-01-12T01:52:28","guid":{"rendered":"http:\/\/www.perupesquero.org\/web\/?p=24165"},"modified":"2022-01-11T20:52:29","modified_gmt":"2022-01-12T01:52:29","slug":"incremento-de-viento-y-disminucion-de-la-temperatura-en-la-costa-peruana","status":"publish","type":"post","link":"http:\/\/www.perupesquero.org\/web\/incremento-de-viento-y-disminucion-de-la-temperatura-en-la-costa-peruana\/","title":{"rendered":"Incremento de viento y disminuci\u00f3n de la temperatura en la costa peruana"},"content":{"rendered":"\n<p>El Servicio Nacional de Meteorolog\u00eda e Hidrolog\u00eda del Per\u00fa (SENAMHI) informa que, entre el martes 11 y jueves 13 de enero, se presentar\u00e1 el incremento de viento en las tardes lo que disminuir\u00e1 la temperatura diurna en la costa peruana, desde La Libertad hasta Moquegua. Adem\u00e1s, se espera cobertura nubosa en las noches y primeras horas de la ma\u00f1ana.<\/p>\n\n\n\n<p>Especialistas de SENAMHI explicaron que estos fen\u00f3menos se deben a la aproximaci\u00f3n de un sistema de circulaci\u00f3n de vientos en la costa peruana. En La Libertad y en la costa centro, se prev\u00e9n vientos con velocidades entre los 20 y 30 km\/h, temperaturas m\u00ednimas entre 16 \u00b0C a 18 \u00b0C y m\u00e1ximas cercanas a los 24\u00b0C. En la costa sur se registrar\u00e1n valores m\u00ednimos de 13 \u00b0C y m\u00e1ximos de 18 \u00b0C.<\/p>\n\n\n\n<p>El SENAMHI, organismo adscrito al Ministerio del Ambiente, continuar\u00e1 informando sobre el comportamiento de tiempo y clima y recomienda a la poblaci\u00f3n mantenerse informada a trav\u00e9s de la p\u00e1gina web y redes sociales.<\/p>\n\n\n\n<p>Nota de prensa<\/p>\n","protected":false},"excerpt":{"rendered":"<p>El Servicio Nacional de Meteorolog\u00eda e Hidrolog\u00eda del Per\u00fa (SENAMHI) informa que, entre el martes 11 y jueves 13 de enero, se presentar\u00e1 el incremento de viento en las tardes lo que disminuir\u00e1 la temperatura diurna en la costa peruana, desde La Libertad hasta Moquegua. Adem\u00e1s, se espera cobertura nubosa en las noches y primeras [&hellip;]<\/p>\n","protected":false},"author":2,"featured_media":24166,"comment_status":"open","ping_status":"open","sticky":false,"template":"","format":"standard","meta":{"footnotes":""},"categories":[63],"tags":[],"class_list":["post-24165","post","type-post","status-publish","format-standard","has-post-thumbnail","hentry","category-noticias"],"_links":{"self":[{"href":"http:\/\/www.perupesquero.org\/web\/wp-json\/wp\/v2\/posts\/24165","targetHints":{"allow":["GET"]}}],"collection":[{"href":"http:\/\/www.perupesquero.org\/web\/wp-json\/wp\/v2\/posts"}],"about":[{"href":"http:\/\/www.perupesquero.org\/web\/wp-json\/wp\/v2\/types\/post"}],"author":[{"embeddable":true,"href":"http:\/\/www.perupesquero.org\/web\/wp-json\/wp\/v2\/users\/2"}],"replies":[{"embeddable":true,"href":"http:\/\/www.perupesquero.org\/web\/wp-json\/wp\/v2\/comments?post=24165"}],"version-history":[{"count":2,"href":"http:\/\/www.perupesquero.org\/web\/wp-json\/wp\/v2\/posts\/24165\/revisions"}],"predecessor-version":[{"id":24168,"href":"http:\/\/www.perupesquero.org\/web\/wp-json\/wp\/v2\/posts\/24165\/revisions\/24168"}],"wp:featuredmedia":[{"embeddable":true,"href":"http:\/\/www.perupesquero.org\/web\/wp-json\/wp\/v2\/media\/24166"}],"wp:attachment":[{"href":"http:\/\/www.perupesquero.org\/web\/wp-json\/wp\/v2\/media?parent=24165"}],"wp:term":[{"taxonomy":"category","embeddable":true,"href":"http:\/\/www.perupesquero.org\/web\/wp-json\/wp\/v2\/categories?post=24165"},{"taxonomy":"post_tag","embeddable":true,"href":"http:\/\/www.perupesquero.org\/web\/wp-json\/wp\/v2\/tags?post=24165"}],"curies":[{"name":"wp","href":"https:\/\/api.w.org\/{rel}","templated":true}]}}