{"id":24137,"date":"2022-01-08T20:08:39","date_gmt":"2022-01-09T01:08:39","guid":{"rendered":"http:\/\/www.perupesquero.org\/web\/?p=24137"},"modified":"2022-01-08T20:08:40","modified_gmt":"2022-01-09T01:08:40","slug":"2021-fue-el-quinto-ano-mas-caluroso-desde-1979","status":"publish","type":"post","link":"http:\/\/www.perupesquero.org\/web\/2021-fue-el-quinto-ano-mas-caluroso-desde-1979\/","title":{"rendered":"2021 fue el quinto a\u00f1o m\u00e1s caluroso desde 1979"},"content":{"rendered":"\n<p>As\u00ed lo revelaron los datos del Servicio de Cambio Clim\u00e1tico Cop\u00e9rnico de la Uni\u00f3n Europea, que tiene registros desde 1979.<\/p>\n\n\n\n<p>Seg\u00fan la&nbsp;Oficina Nacional de Administraci\u00f3n Oce\u00e1nica y Atmosf\u00e9rica de Estados Unidos&nbsp;(NOAA), julio de 2021 fue el mes m\u00e1s&nbsp;caluroso&nbsp;a nivel mundial en los \u00faltimos 142 a\u00f1os, desde que esa agencia tiene registros. Ese mes la superficie terrestre y oce\u00e1nica tuvo una temperatura de&nbsp;0,93\u00b0C mayor al promedio del siglo XX, que se situ\u00f3 en 15,8 grados Celsius. Las cifras superan el r\u00e9cord anterior que se estableci\u00f3 en julio de&nbsp;2016&nbsp;y fue igualado en 2019 y 2020.<\/p>\n\n\n\n<p>La agencia tambi\u00e9n revel\u00f3 que, en Am\u00e9rica del Sur, \u00c1frica y Ocean\u00eda, ese mismo mes estuvo entre los \u201cdiez m\u00e1s calurosos\u201d de sus registros.<\/p>\n\n\n\n<p>Por otro lado, el&nbsp;Servicio de Cambio Clim\u00e1tico Cop\u00e9rnico de la Uni\u00f3n Europea&nbsp;tambi\u00e9n indic\u00f3 en julio que ese fue el tercer mes m\u00e1s caluroso en Europa desde que el organismo tiene registros, que se remontan a 1979.<\/p>\n\n\n\n<p>Ya en septiembre, el Servicio concluy\u00f3 que el verano de 2021 ha sido el m\u00e1s caluroso. Entre junio y finales de agosto la temperatura fue&nbsp;0,1\u00b0C&nbsp;m\u00e1s c\u00e1lida que en los veranos de 2010 y 2018, los m\u00e1s calurosos hasta entonces, y un 1\u00b0C por encima del promedio entre 1991 y&nbsp;2020.<\/p>\n\n\n\n<p>Y aunque los organismos cuentan con diferentes registros, lo cierto es que la temperatura del planeta sigue una l\u00ednea creciente. Esta es la variaci\u00f3n estimada para las medias decenales de las temperaturas del aire en todo el mundo a una altura de dos metros, tomando en cuenta registros de mediados del siglo XIX a 2020, seg\u00fan datos de ERA5 (Servicio de Cambio Clim\u00e1tico de Copernicus, C3S, implementado por el CEPMPM); GISTEMPv4 (NASA); HadCRUT5 (Met Office Hadley Centre); NOAAGlobalTempv5 (NOAA), JRA-55 (JMA) y Berkeley Earth:<\/p>\n\n\n\n<p>&nbsp;Con este panorama, el Servicio de Cambio Clim\u00e1tico Cop\u00e9rnico public\u00f3 recientemente que 2021 finaliz\u00f3 siendo el quinto a\u00f1o m\u00e1s caluroso desde 1979.<\/p>\n\n\n\n<p>El cient\u00edfico clim\u00e1tico&nbsp;Zeke Hausfather&nbsp;analiz\u00f3 los datos y encontr\u00f3 que 2021 fue un a\u00f1o m\u00e1s fresco que \u201clos \u00faltimos a\u00f1os debido a un evento moderado de&nbsp;La Ni\u00f1a, pero en l\u00ednea con la tendencia de&nbsp;calentamiento&nbsp;a largo plazo\u201d.<\/p>\n\n\n\n<p>Fuente: Redacci\u00f3n Ambiente<\/p>\n","protected":false},"excerpt":{"rendered":"<p>As\u00ed lo revelaron los datos del Servicio de Cambio Clim\u00e1tico Cop\u00e9rnico de la Uni\u00f3n Europea, que tiene registros desde 1979. Seg\u00fan la&nbsp;Oficina Nacional de Administraci\u00f3n Oce\u00e1nica y Atmosf\u00e9rica de Estados Unidos&nbsp;(NOAA), julio de 2021 fue el mes m\u00e1s&nbsp;caluroso&nbsp;a nivel mundial en los \u00faltimos 142 a\u00f1os, desde que esa agencia tiene registros. Ese mes la superficie [&hellip;]<\/p>\n","protected":false},"author":2,"featured_media":24138,"comment_status":"open","ping_status":"open","sticky":false,"template":"","format":"standard","meta":{"footnotes":""},"categories":[63],"tags":[],"class_list":["post-24137","post","type-post","status-publish","format-standard","has-post-thumbnail","hentry","category-noticias"],"_links":{"self":[{"href":"http:\/\/www.perupesquero.org\/web\/wp-json\/wp\/v2\/posts\/24137","targetHints":{"allow":["GET"]}}],"collection":[{"href":"http:\/\/www.perupesquero.org\/web\/wp-json\/wp\/v2\/posts"}],"about":[{"href":"http:\/\/www.perupesquero.org\/web\/wp-json\/wp\/v2\/types\/post"}],"author":[{"embeddable":true,"href":"http:\/\/www.perupesquero.org\/web\/wp-json\/wp\/v2\/users\/2"}],"replies":[{"embeddable":true,"href":"http:\/\/www.perupesquero.org\/web\/wp-json\/wp\/v2\/comments?post=24137"}],"version-history":[{"count":1,"href":"http:\/\/www.perupesquero.org\/web\/wp-json\/wp\/v2\/posts\/24137\/revisions"}],"predecessor-version":[{"id":24139,"href":"http:\/\/www.perupesquero.org\/web\/wp-json\/wp\/v2\/posts\/24137\/revisions\/24139"}],"wp:featuredmedia":[{"embeddable":true,"href":"http:\/\/www.perupesquero.org\/web\/wp-json\/wp\/v2\/media\/24138"}],"wp:attachment":[{"href":"http:\/\/www.perupesquero.org\/web\/wp-json\/wp\/v2\/media?parent=24137"}],"wp:term":[{"taxonomy":"category","embeddable":true,"href":"http:\/\/www.perupesquero.org\/web\/wp-json\/wp\/v2\/categories?post=24137"},{"taxonomy":"post_tag","embeddable":true,"href":"http:\/\/www.perupesquero.org\/web\/wp-json\/wp\/v2\/tags?post=24137"}],"curies":[{"name":"wp","href":"https:\/\/api.w.org\/{rel}","templated":true}]}}