{"id":24122,"date":"2022-01-06T17:04:52","date_gmt":"2022-01-06T22:04:52","guid":{"rendered":"http:\/\/www.perupesquero.org\/web\/?p=24122"},"modified":"2022-01-06T17:04:53","modified_gmt":"2022-01-06T22:04:53","slug":"chile-pronto-tendria-ministerio-del-mar","status":"publish","type":"post","link":"http:\/\/www.perupesquero.org\/web\/chile-pronto-tendria-ministerio-del-mar\/","title":{"rendered":"Chile pronto tendr\u00eda Ministerio del Mar"},"content":{"rendered":"\n<p>Por 98 votos a favor, 13 votos en contra y 13 abstenciones se&nbsp;<strong>aprob\u00f3<\/strong>&nbsp;este martes en la C\u00e1mara de Diputadas y Diputados, el Proyecto de Resoluci\u00f3n por el cual se solicita al Presidente de la Rep\u00fablica la creaci\u00f3n del&nbsp;<strong>Ministerio del Mar<\/strong><strong>,<\/strong> presentado en mayo del a\u00f1o 2020, por los diputados Gast\u00f3n Saavedra y Ren\u00e9 Alinco.<\/p>\n\n\n\n<p>Aun cuando quedan apenas dos meses del mandato del actual presidente Sebasti\u00e1n Pi\u00f1era, los pescadores artesanales de la Conapach ven con optimismo que el tema haya sido visibilizado y haya logrado amplio respaldo en la C\u00e1mara de Diputadas y Diputados, coincidiendo con lo se\u00f1alado por uno de los diputados autores del proyecto, Gast\u00f3n Saavedra, al ser consultado sobre el asunto.<\/p>\n\n\n\n<p>\u201cEs un proyecto de resoluci\u00f3n que tuvo un amplio respaldo ayer en la c\u00e1mara, que es un mecanismo constitucional que tenemos los diputados para solicitarle al presidente de la Rep\u00fablica algunos temas para que los implemente, en este caso la creaci\u00f3n de un Ministerio del Mar, que tiene una raz\u00f3n, dir\u00eda yo, de Estado\u201d, se\u00f1al\u00f3 el parlamentario.<\/p>\n\n\n\n<p>\u201cHay una serie de actores important\u00edsimos, entre ellos los pescadores artesanales, que lo vienen demandando hace mucho tiempo y yo dir\u00eda que esto tiene que ver con el origen de la patria. En la fundamentaci\u00f3n que yo hac\u00eda ayer estaba lo que Bernardo O\u00b4higgins plante\u00f3, cuando parte la expedici\u00f3n al Per\u00fa, \u00e9l dice \u201cestas cuatro tablas\u201d, haciendo alusi\u00f3n al c\u00f3mo iban navegando depender\u00eda el futuro del pa\u00eds\u201d, enfatiz\u00f3 Saavedra.<\/p>\n\n\n\n<p>Y a\u00f1adi\u00f3, \u201centonces si no somos capaces de tener una visi\u00f3n estrat\u00e9gica respecto de c\u00f3mo gestionar, administrar y proyectar en el tiempo, de manera sustentable, un amplio territorio como es nuestro mar, su borde costero y sus recursos en funci\u00f3n de una desarrollo sustentable, la verdad es que el destino de Chile no tiene un futuro cierto\u201d.<\/p>\n\n\n\n<p>Seg\u00fan se\u00f1al\u00f3 el diputado por la regi\u00f3n del Biob\u00edo, \u201cel pr\u00f3ximo paso del proyecto es la Presidencia de la Rep\u00fablica, a la espera que sea recogido por la m\u00e1xima autoridad y aunque se estima que al gobierno le queda poco, el tema qued\u00f3 instalado una vez m\u00e1s y es m\u00e1s propicio hablarlo con las nuevas autoridades, con el gobierno del presidente Gabriel Boric, para hacer una iniciativa en conjunto, con los diferentes actores\u201d, indic\u00f3.<\/p>\n\n\n\n<p>\u201cHacer un llamado tambi\u00e9n a otros actores, como la Armada, a que sea parte de este proceso y que entienda que es necesario que el mar, su gesti\u00f3n, su administraci\u00f3n, su prospecci\u00f3n&nbsp; y sus recursos est\u00e9n en un Ministerio y&nbsp; evidentemente con la participaci\u00f3n de todos los actores para construirlo y para gestionarlo\u201d, concluy\u00f3.<\/p>\n\n\n\n<p>Por su parte,&nbsp;<strong>Zoila Bustamante, presidenta de la Conapach<\/strong>, dijo que \u201cpara nosotros como pescadores artesanales este es un paso m\u00e1s de todos los que hemos estado dando, en conjunto con todos nuestros pares a lo largo de Chile, con el objetivo de lograr un Ministerio del Mar\u201d.<\/p>\n\n\n\n<p>\u201cComo bien lo dijo el diputado y futuro Senador, Gast\u00f3n Saavedra, lo ideal es que lo recoja tambi\u00e9n el presidente electo, Gabriel Boric, quien en campa\u00f1a comprometi\u00f3 su disposici\u00f3n con pescadores artesanales para llevarlo a cabo. Por eso este es un gran paso y agradecemos a todos los diputados que votaron por esta iniciativa, especialmente aquellos que la presentaron\u201d, puntualiz\u00f3 la dirigenta.<\/p>\n\n\n\n<p>Fuente: Aqua.cl<\/p>\n","protected":false},"excerpt":{"rendered":"<p>Por 98 votos a favor, 13 votos en contra y 13 abstenciones se&nbsp;aprob\u00f3&nbsp;este martes en la C\u00e1mara de Diputadas y Diputados, el Proyecto de Resoluci\u00f3n por el cual se solicita al Presidente de la Rep\u00fablica la creaci\u00f3n del&nbsp;Ministerio del Mar, presentado en mayo del a\u00f1o 2020, por los diputados Gast\u00f3n Saavedra y Ren\u00e9 Alinco. Aun [&hellip;]<\/p>\n","protected":false},"author":2,"featured_media":24123,"comment_status":"open","ping_status":"open","sticky":false,"template":"","format":"standard","meta":{"footnotes":""},"categories":[63],"tags":[],"class_list":["post-24122","post","type-post","status-publish","format-standard","has-post-thumbnail","hentry","category-noticias"],"_links":{"self":[{"href":"http:\/\/www.perupesquero.org\/web\/wp-json\/wp\/v2\/posts\/24122","targetHints":{"allow":["GET"]}}],"collection":[{"href":"http:\/\/www.perupesquero.org\/web\/wp-json\/wp\/v2\/posts"}],"about":[{"href":"http:\/\/www.perupesquero.org\/web\/wp-json\/wp\/v2\/types\/post"}],"author":[{"embeddable":true,"href":"http:\/\/www.perupesquero.org\/web\/wp-json\/wp\/v2\/users\/2"}],"replies":[{"embeddable":true,"href":"http:\/\/www.perupesquero.org\/web\/wp-json\/wp\/v2\/comments?post=24122"}],"version-history":[{"count":2,"href":"http:\/\/www.perupesquero.org\/web\/wp-json\/wp\/v2\/posts\/24122\/revisions"}],"predecessor-version":[{"id":24125,"href":"http:\/\/www.perupesquero.org\/web\/wp-json\/wp\/v2\/posts\/24122\/revisions\/24125"}],"wp:featuredmedia":[{"embeddable":true,"href":"http:\/\/www.perupesquero.org\/web\/wp-json\/wp\/v2\/media\/24123"}],"wp:attachment":[{"href":"http:\/\/www.perupesquero.org\/web\/wp-json\/wp\/v2\/media?parent=24122"}],"wp:term":[{"taxonomy":"category","embeddable":true,"href":"http:\/\/www.perupesquero.org\/web\/wp-json\/wp\/v2\/categories?post=24122"},{"taxonomy":"post_tag","embeddable":true,"href":"http:\/\/www.perupesquero.org\/web\/wp-json\/wp\/v2\/tags?post=24122"}],"curies":[{"name":"wp","href":"https:\/\/api.w.org\/{rel}","templated":true}]}}