{"id":24109,"date":"2022-01-03T18:12:07","date_gmt":"2022-01-03T23:12:07","guid":{"rendered":"http:\/\/www.perupesquero.org\/web\/?p=24109"},"modified":"2022-01-03T18:12:08","modified_gmt":"2022-01-03T23:12:08","slug":"capitanes-de-pesca-llaman-en-talcahuano-a-detener-discusion-de-la-ley-corta","status":"publish","type":"post","link":"http:\/\/www.perupesquero.org\/web\/capitanes-de-pesca-llaman-en-talcahuano-a-detener-discusion-de-la-ley-corta\/","title":{"rendered":"Capitanes de Pesca llaman en Talcahuano a detener discusi\u00f3n de la Ley Corta"},"content":{"rendered":"\n<p>Los capitanes de pesca del sector industrial se reunieron en Talcahuano para hacer un&nbsp;<strong>llamado a las autoridades estatales a que detengan la discusi\u00f3n de la ley corta del sector.<\/strong><\/p>\n\n\n\n<p>Desde el gremio aseguran que tanto el Gobierno saliente de Sebasti\u00e1n Pi\u00f1era como parlamentarios que perdieron la \u00faltima elecci\u00f3n\u00a0&#8220;<strong>est\u00e1n acelerando extempor\u00e1nea y extra\u00f1amente la tramitaci\u00f3n de modificaciones a la Ley de Pesca&#8221;.<\/strong><\/p>\n\n\n\n<p>El presidente del Sindicato de Trabajadores Capitanes de Pesca y MMN, Juan Carlos Gonz\u00e1lez, dijo que les sorprende y molesta que se est\u00e9&nbsp;<strong>&#8220;sacando con f\u00f3rceps el proyecto -basado en mensajes y mociones- que pretende subastar las cuotas de pesca, lo que atenta contra la certeza jur\u00eddica<\/strong>&nbsp;de la base con la que trabajamos pescadores industriales y artesanales&#8221;.<\/p>\n\n\n\n<p>El dirigente plantea que, senadores como Rabindranath Quinteros y Ximena Rinc\u00f3n empujan estas modificaciones y cree que &#8220;en vez de aquello&nbsp;<strong>deber\u00edan estar explicando al pa\u00eds el error que cometieron cuando bregaron por la aprobaci\u00f3n de la Ley de la Jibia,<\/strong>&nbsp;asegurando que generar\u00eda 500 mil nuevos empleos&#8221;.<\/p>\n\n\n\n<p><strong>P\u00e9rdida de tiempo<\/strong><\/p>\n\n\n\n<p>El proyecto de Ley Corta ya est\u00e1 con urgencia simple y listo para pasar a sala del Senado, en circunstancias que la ley que busca modificar vence en 2033. Ello hace preguntarse, dijo Gonz\u00e1lez, por qu\u00e9&nbsp;<strong>se acelera en circunstancias que no se avanza en temas que s\u00ed son urgentes como la previsi\u00f3n.<\/strong><\/p>\n\n\n\n<p>&#8220;Nos parece relevante que esta discusi\u00f3n se postergue, se haga con altura de miras y no como se est\u00e1 llevando, que incluso<strong>\u00a0nos merece sospechas de los motivos o intereses escondidos que pueda haber porque no entendemos que se quiera introducir inestabilidad a miles de trabajos&#8221;<\/strong>, remat\u00f3, advirtiendo que todos los pescadores est\u00e1n llamados a sentir inseguridad en este escenario.<\/p>\n\n\n\n<p>Fuente: cooperativa.cl<\/p>\n","protected":false},"excerpt":{"rendered":"<p>Los capitanes de pesca del sector industrial se reunieron en Talcahuano para hacer un&nbsp;llamado a las autoridades estatales a que detengan la discusi\u00f3n de la ley corta del sector. Desde el gremio aseguran que tanto el Gobierno saliente de Sebasti\u00e1n Pi\u00f1era como parlamentarios que perdieron la \u00faltima elecci\u00f3n\u00a0&#8220;est\u00e1n acelerando extempor\u00e1nea y extra\u00f1amente la tramitaci\u00f3n de [&hellip;]<\/p>\n","protected":false},"author":2,"featured_media":24110,"comment_status":"open","ping_status":"open","sticky":false,"template":"","format":"standard","meta":{"footnotes":""},"categories":[63],"tags":[],"class_list":["post-24109","post","type-post","status-publish","format-standard","has-post-thumbnail","hentry","category-noticias"],"_links":{"self":[{"href":"http:\/\/www.perupesquero.org\/web\/wp-json\/wp\/v2\/posts\/24109","targetHints":{"allow":["GET"]}}],"collection":[{"href":"http:\/\/www.perupesquero.org\/web\/wp-json\/wp\/v2\/posts"}],"about":[{"href":"http:\/\/www.perupesquero.org\/web\/wp-json\/wp\/v2\/types\/post"}],"author":[{"embeddable":true,"href":"http:\/\/www.perupesquero.org\/web\/wp-json\/wp\/v2\/users\/2"}],"replies":[{"embeddable":true,"href":"http:\/\/www.perupesquero.org\/web\/wp-json\/wp\/v2\/comments?post=24109"}],"version-history":[{"count":1,"href":"http:\/\/www.perupesquero.org\/web\/wp-json\/wp\/v2\/posts\/24109\/revisions"}],"predecessor-version":[{"id":24111,"href":"http:\/\/www.perupesquero.org\/web\/wp-json\/wp\/v2\/posts\/24109\/revisions\/24111"}],"wp:featuredmedia":[{"embeddable":true,"href":"http:\/\/www.perupesquero.org\/web\/wp-json\/wp\/v2\/media\/24110"}],"wp:attachment":[{"href":"http:\/\/www.perupesquero.org\/web\/wp-json\/wp\/v2\/media?parent=24109"}],"wp:term":[{"taxonomy":"category","embeddable":true,"href":"http:\/\/www.perupesquero.org\/web\/wp-json\/wp\/v2\/categories?post=24109"},{"taxonomy":"post_tag","embeddable":true,"href":"http:\/\/www.perupesquero.org\/web\/wp-json\/wp\/v2\/tags?post=24109"}],"curies":[{"name":"wp","href":"https:\/\/api.w.org\/{rel}","templated":true}]}}