{"id":2397,"date":"2014-11-04T14:56:58","date_gmt":"2014-11-04T19:56:58","guid":{"rendered":"http:\/\/www.perupesquero.org\/?p=2397"},"modified":"2014-11-04T14:56:58","modified_gmt":"2014-11-04T19:56:58","slug":"en-diciembre-decidiran-si-se-levanta-veda-de-anchoveta","status":"publish","type":"post","link":"http:\/\/www.perupesquero.org\/web\/en-diciembre-decidiran-si-se-levanta-veda-de-anchoveta\/","title":{"rendered":"En diciembre decidir\u00e1n si se levanta veda de Anchoveta"},"content":{"rendered":"<p style=\"text-align: justify;\">El Ministerio de la Producci\u00f3n (Produce) inform\u00f3 que prepara un plan de contingencia que aplicar\u00e1 en caso las nuevas mediciones del Instituto del Mar del Per\u00fa (Imarpe) confirman el impacto negativo del fen\u00f3meno El Ni\u00f1o y las Ondas Kelvin sobre las actividades de pesca de Anchoveta en el Mar peruano, tanto en la zona centro-norte como en el sur.<\/p>\n<p style=\"text-align: justify;\">El Viceministro de Pesquer\u00eda, Juan Carlos Requejo, inform\u00f3 que las primeras mediciones reportaron resultados negativos, pues las condiciones del clima han generado una migraci\u00f3n de la Anchoveta fuera de sus \u00e1reas habituales de ubicaci\u00f3n.<\/p>\n<p style=\"text-align: justify;\">Sin embargo, dadas las condiciones cambiantes, lo prudente, dijo, es esperar los nuevos monitoreos para adoptar decisiones.<\/p>\n<p style=\"text-align: justify;\"><em>\u201cLa decisi\u00f3n final sobre la nueva temporada y la cuota de captura que corresponda se conocer\u00e1n a inicios de diciembre, luego de tener los resultados de las nuevas mediciones que ejecutar\u00e1 el Imarpe, con participaci\u00f3n del sector privado\u201d<\/em>, puntualiz\u00f3.<\/p>\n<p style=\"text-align: justify;\">Inform\u00f3 que para la regi\u00f3n centro-norte del mar peruano, el Imarpe pondr\u00e1 en marcha un segundo crucero de investigaci\u00f3n que concluir\u00e1 los primeros d\u00edas de diciembre.<\/p>\n<p style=\"text-align: justify;\">Adem\u00e1s, tanto para la zona sur como para el centro-norte se realizar\u00e1 la \u201cOperaci\u00f3n Eureka\u201d, los d\u00edas 19 y 20 de noviembre, con participaci\u00f3n de embarcaciones del sector privado.<\/p>\n<p style=\"text-align: justify;\">Tambi\u00e9n se ha dispuesto la convocatoria a embarcaciones de menor escala para medir las condiciones del recurso a partir de la milla 3, lo cual se realizar\u00e1 el pr\u00f3ximo 5 de noviembre.<\/p>\n<p style=\"text-align: justify;\"><strong>EL PLAN<\/strong><\/p>\n<p style=\"text-align: justify;\">El funcionario inform\u00f3 que el citado plan de contingencia incluye medidas como: promover el aprovechamiento industrial de otras especies tales como la vinciguerria, que ha aparecido en el Mar peruano en grandes cantidades.<\/p>\n<p style=\"text-align: justify;\">Fortalecer\u00e1n la pesca de otros recursos, tales como la Pota, el Perico y el At\u00fan, Bonito, Jurel y Caballa.<\/p>\n<p style=\"text-align: justify;\">Tambi\u00e9n propiciar\u00e1n que los pescadores tengan coberturas de riesgos derivados de eventos an\u00f3malos como El Ni\u00f1o. Entre otras acciones, se analiza la factibilidad de liberar parte de la Compensaci\u00f3n por Tiempo de Servicios (CTS).<\/p>\n<p style=\"text-align: justify;\"><strong>FUENTE:<\/strong> Elferrolchimbote.com<\/p>\n","protected":false},"excerpt":{"rendered":"<p>El Ministerio de la Producci\u00f3n (Produce) inform\u00f3 que prepara un plan de contingencia que aplicar\u00e1 en caso las nuevas mediciones del Instituto del Mar del Per\u00fa (Imarpe) confirman el impacto negativo del fen\u00f3meno El Ni\u00f1o y las Ondas Kelvin sobre las actividades de pesca de Anchoveta en el Mar peruano, tanto en la zona centro-norte [&hellip;]<\/p>\n","protected":false},"author":2,"featured_media":0,"comment_status":"open","ping_status":"open","sticky":false,"template":"","format":"standard","meta":{"footnotes":""},"categories":[78,63,67],"tags":[195,578,689,800],"class_list":["post-2397","post","type-post","status-publish","format-standard","hentry","category-nacionales","category-noticias","category-pesqueria","tag-anchoveta","tag-cts","tag-el-nino","tag-fenomeno-de-el-nino"],"_links":{"self":[{"href":"http:\/\/www.perupesquero.org\/web\/wp-json\/wp\/v2\/posts\/2397","targetHints":{"allow":["GET"]}}],"collection":[{"href":"http:\/\/www.perupesquero.org\/web\/wp-json\/wp\/v2\/posts"}],"about":[{"href":"http:\/\/www.perupesquero.org\/web\/wp-json\/wp\/v2\/types\/post"}],"author":[{"embeddable":true,"href":"http:\/\/www.perupesquero.org\/web\/wp-json\/wp\/v2\/users\/2"}],"replies":[{"embeddable":true,"href":"http:\/\/www.perupesquero.org\/web\/wp-json\/wp\/v2\/comments?post=2397"}],"version-history":[{"count":0,"href":"http:\/\/www.perupesquero.org\/web\/wp-json\/wp\/v2\/posts\/2397\/revisions"}],"wp:attachment":[{"href":"http:\/\/www.perupesquero.org\/web\/wp-json\/wp\/v2\/media?parent=2397"}],"wp:term":[{"taxonomy":"category","embeddable":true,"href":"http:\/\/www.perupesquero.org\/web\/wp-json\/wp\/v2\/categories?post=2397"},{"taxonomy":"post_tag","embeddable":true,"href":"http:\/\/www.perupesquero.org\/web\/wp-json\/wp\/v2\/tags?post=2397"}],"curies":[{"name":"wp","href":"https:\/\/api.w.org\/{rel}","templated":true}]}}