{"id":23956,"date":"2021-12-12T14:50:54","date_gmt":"2021-12-12T19:50:54","guid":{"rendered":"http:\/\/www.perupesquero.org\/web\/?p=23956"},"modified":"2021-12-12T14:50:55","modified_gmt":"2021-12-12T19:50:55","slug":"produce-designa-a-nuevo-viceministro-de-pesca-y-acuicultura","status":"publish","type":"post","link":"http:\/\/www.perupesquero.org\/web\/produce-designa-a-nuevo-viceministro-de-pesca-y-acuicultura\/","title":{"rendered":"Produce designa a nuevo viceministro de Pesca y Acuicultura"},"content":{"rendered":"\n<p>Mario Cavero Polo cumplir\u00e1 funciones en el Ministerio de la Producci\u00f3n en reemplazo de \u00darsula Le\u00f3n Chemp\u00e9n.<\/p>\n\n\n\n<p>El Poder Ejecutivo design\u00f3 este s\u00e1bado a Mario Jes\u00fas Cavero Polo como nuevo viceministro de Pesca y Acuicultura del<a href=\"https:\/\/peru21.pe\/noticias\/ministerio-de-la-produccion\/\"><strong>\u00a0<\/strong>Ministerio de la Producci\u00f3n<\/a>\u00a0(Produce), en reemplazo de \u00darsula Le\u00f3n Chemp\u00e9n.<\/p>\n\n\n\n<p>Mediante la Resoluci\u00f3n Suprema N\u00b0 012-2021-Produce, publicada en el diario oficial El Peruano, se oficializ\u00f3 este nombramiento en el cargo considerado de confianza.<\/p>\n\n\n\n<p>Cavero Polo es contador p\u00fablico por la Universidad San Mart\u00edn de Porres. Tiene a su cargo la empresa Sercon SAC, un negocio personal. Seg\u00fan dicha web, brinda servicios electrificaci\u00f3n, venta de materiales, iluminaci\u00f3n, servicios hidr\u00e1ulicos y de topograf\u00eda.<\/p>\n\n\n\n<p>Tambi\u00e9n fue asesor, subdirector y director de la Oficina de Administraci\u00f3n en la Autoridad Nacional del Agua (ANA), entre el 2011 y 2013; y como asesor administrativo en el Centro de Altos Estudios Nacionales, entre 2014 y 2015.<\/p>\n","protected":false},"excerpt":{"rendered":"<p>Mario Cavero Polo cumplir\u00e1 funciones en el Ministerio de la Producci\u00f3n en reemplazo de \u00darsula Le\u00f3n Chemp\u00e9n. El Poder Ejecutivo design\u00f3 este s\u00e1bado a Mario Jes\u00fas Cavero Polo como nuevo viceministro de Pesca y Acuicultura del\u00a0Ministerio de la Producci\u00f3n\u00a0(Produce), en reemplazo de \u00darsula Le\u00f3n Chemp\u00e9n. Mediante la Resoluci\u00f3n Suprema N\u00b0 012-2021-Produce, publicada en el diario [&hellip;]<\/p>\n","protected":false},"author":2,"featured_media":23958,"comment_status":"open","ping_status":"open","sticky":false,"template":"","format":"standard","meta":{"footnotes":""},"categories":[63],"tags":[],"class_list":["post-23956","post","type-post","status-publish","format-standard","has-post-thumbnail","hentry","category-noticias"],"_links":{"self":[{"href":"http:\/\/www.perupesquero.org\/web\/wp-json\/wp\/v2\/posts\/23956","targetHints":{"allow":["GET"]}}],"collection":[{"href":"http:\/\/www.perupesquero.org\/web\/wp-json\/wp\/v2\/posts"}],"about":[{"href":"http:\/\/www.perupesquero.org\/web\/wp-json\/wp\/v2\/types\/post"}],"author":[{"embeddable":true,"href":"http:\/\/www.perupesquero.org\/web\/wp-json\/wp\/v2\/users\/2"}],"replies":[{"embeddable":true,"href":"http:\/\/www.perupesquero.org\/web\/wp-json\/wp\/v2\/comments?post=23956"}],"version-history":[{"count":2,"href":"http:\/\/www.perupesquero.org\/web\/wp-json\/wp\/v2\/posts\/23956\/revisions"}],"predecessor-version":[{"id":23960,"href":"http:\/\/www.perupesquero.org\/web\/wp-json\/wp\/v2\/posts\/23956\/revisions\/23960"}],"wp:featuredmedia":[{"embeddable":true,"href":"http:\/\/www.perupesquero.org\/web\/wp-json\/wp\/v2\/media\/23958"}],"wp:attachment":[{"href":"http:\/\/www.perupesquero.org\/web\/wp-json\/wp\/v2\/media?parent=23956"}],"wp:term":[{"taxonomy":"category","embeddable":true,"href":"http:\/\/www.perupesquero.org\/web\/wp-json\/wp\/v2\/categories?post=23956"},{"taxonomy":"post_tag","embeddable":true,"href":"http:\/\/www.perupesquero.org\/web\/wp-json\/wp\/v2\/tags?post=23956"}],"curies":[{"name":"wp","href":"https:\/\/api.w.org\/{rel}","templated":true}]}}