{"id":23928,"date":"2021-12-09T18:24:40","date_gmt":"2021-12-09T23:24:40","guid":{"rendered":"http:\/\/www.perupesquero.org\/web\/?p=23928"},"modified":"2021-12-09T18:25:26","modified_gmt":"2021-12-09T23:25:26","slug":"peru-y-fao-ratifican-compromiso-de-acabar-con-el-hambre-y-malnutricion-en-el-pais","status":"publish","type":"post","link":"http:\/\/www.perupesquero.org\/web\/peru-y-fao-ratifican-compromiso-de-acabar-con-el-hambre-y-malnutricion-en-el-pais\/","title":{"rendered":"Per\u00fa y FAO ratifican compromiso de acabar con el hambre y malnutrici\u00f3n en el pa\u00eds"},"content":{"rendered":"\n<p>El ministro de Relaciones Exteriores, \u00d3scar Ma\u00fartua, se reuni\u00f3 hoy con el director general de la Organizaci\u00f3n de las Naciones Unidas para la Alimentaci\u00f3n y la Agricultura (FAO), QU Dongyu, como parte de sus actividades oficiales en Roma, Italia.<\/p>\n\n\n\n<p>Durante la cita, el canciller Ma\u00fartua agradeci\u00f3 a la FAO por su apoyo al Per\u00fa en sus esfuerzos por erradicar el hambre y la desnutrici\u00f3n, as\u00ed como en sus iniciativas a favor del desarrollo rural, la producci\u00f3n de alimentos y el uso sostenible de los recursos naturales. <\/p>\n\n\n\n<p>Y reconoci\u00f3 el apoyo brindado por esta organizaci\u00f3n en el marco de la crisis por la pandemia del covid-19.&nbsp;Destac\u00f3 la iniciativa &#8220;Global Hand in Hand de la FAO&#8221; y su implementaci\u00f3n en el Per\u00fa que movilizar\u00e1 inversi\u00f3n p\u00fablica y privada con alto impacto socioecon\u00f3mico en territorios con potencial agr\u00edcola y altos niveles de pobreza y exclusi\u00f3n, la cual contribuye a los Objetivos de Desarrollo Sostenible de la Agenda 2030.<\/p>\n\n\n\n<p>\u201cEl Per\u00fa tiene un compromiso de larga data con la seguridad alimentaria. Estamos orgullosos de albergar el Centro Internacional de la Papa que busca asegurar la protecci\u00f3n del germoplasma de papa y tub\u00e9rculo andino\u201d, expres\u00f3 el canciller.&nbsp;<\/p>\n\n\n\n<p>Del mismo modo, expres\u00f3 su deseo de que una Misi\u00f3n T\u00e9cnica de la FAO visite al Per\u00fa para apoyar en el dise\u00f1o de pol\u00edticas y lineamientos de fortalecimiento del sector agrario del pa\u00eds que impulsa el Gobierno del presidente Pedro Castillo.&nbsp;<\/p>\n\n\n\n<p>En tanto, el se\u00f1or QU Dongyu acept\u00f3 la invitaci\u00f3n formulada por el canciller de visitar el Per\u00fa en el primer semestre del 2022, a fin de promover y celebrar conjuntamente el A\u00f1o Internacional de la Pesca y Acuicultura en Peque\u00f1a Escala. (IYAFA 2022), cuyo Comit\u00e9 Directivo est\u00e1 presidida por Per\u00fa.<\/p>\n\n\n\n<p>Memor\u00e1ndum de Entendimiento<\/p>\n\n\n\n<p>Durante la reuni\u00f3n, se firm\u00f3 el Memor\u00e1ndum de Entendimiento en el que se reafirm\u00f3 el compromiso de aunar esfuerzos para erradicar el hambre y la malnutrici\u00f3n en el Per\u00fa.<\/p>\n\n\n\n<p>Ello se lograr\u00e1 mediante la promoci\u00f3n de alimentos inocuos y nutritivos, la eliminaci\u00f3n de la pobreza y el impulso socioecon\u00f3mico para potenciar el desarrollo rural, la producci\u00f3n de alimentos, la recuperaci\u00f3n de medios de vida de las poblaciones vulnerables, as\u00ed como el impulso de pol\u00edticas de ordenamiento, conservaci\u00f3n y aprovechamiento sostenible de los recursos naturales.&nbsp;<\/p>\n\n\n\n<p>Fuente: Andina<\/p>\n","protected":false},"excerpt":{"rendered":"<p>El ministro de Relaciones Exteriores, \u00d3scar Ma\u00fartua, se reuni\u00f3 hoy con el director general de la Organizaci\u00f3n de las Naciones Unidas para la Alimentaci\u00f3n y la Agricultura (FAO), QU Dongyu, como parte de sus actividades oficiales en Roma, Italia. Durante la cita, el canciller Ma\u00fartua agradeci\u00f3 a la FAO por su apoyo al Per\u00fa en [&hellip;]<\/p>\n","protected":false},"author":2,"featured_media":23934,"comment_status":"open","ping_status":"open","sticky":false,"template":"","format":"standard","meta":{"footnotes":""},"categories":[63],"tags":[],"class_list":["post-23928","post","type-post","status-publish","format-standard","has-post-thumbnail","hentry","category-noticias"],"_links":{"self":[{"href":"http:\/\/www.perupesquero.org\/web\/wp-json\/wp\/v2\/posts\/23928","targetHints":{"allow":["GET"]}}],"collection":[{"href":"http:\/\/www.perupesquero.org\/web\/wp-json\/wp\/v2\/posts"}],"about":[{"href":"http:\/\/www.perupesquero.org\/web\/wp-json\/wp\/v2\/types\/post"}],"author":[{"embeddable":true,"href":"http:\/\/www.perupesquero.org\/web\/wp-json\/wp\/v2\/users\/2"}],"replies":[{"embeddable":true,"href":"http:\/\/www.perupesquero.org\/web\/wp-json\/wp\/v2\/comments?post=23928"}],"version-history":[{"count":2,"href":"http:\/\/www.perupesquero.org\/web\/wp-json\/wp\/v2\/posts\/23928\/revisions"}],"predecessor-version":[{"id":23935,"href":"http:\/\/www.perupesquero.org\/web\/wp-json\/wp\/v2\/posts\/23928\/revisions\/23935"}],"wp:featuredmedia":[{"embeddable":true,"href":"http:\/\/www.perupesquero.org\/web\/wp-json\/wp\/v2\/media\/23934"}],"wp:attachment":[{"href":"http:\/\/www.perupesquero.org\/web\/wp-json\/wp\/v2\/media?parent=23928"}],"wp:term":[{"taxonomy":"category","embeddable":true,"href":"http:\/\/www.perupesquero.org\/web\/wp-json\/wp\/v2\/categories?post=23928"},{"taxonomy":"post_tag","embeddable":true,"href":"http:\/\/www.perupesquero.org\/web\/wp-json\/wp\/v2\/tags?post=23928"}],"curies":[{"name":"wp","href":"https:\/\/api.w.org\/{rel}","templated":true}]}}