{"id":2390,"date":"2014-11-03T18:47:56","date_gmt":"2014-11-03T23:47:56","guid":{"rendered":"http:\/\/www.perupesquero.org\/?p=2390"},"modified":"2014-11-03T18:47:56","modified_gmt":"2014-11-03T23:47:56","slug":"produce-prepara-plan-de-contingencia-en-caso-se-confirme-escasez-de-anchoveta","status":"publish","type":"post","link":"http:\/\/www.perupesquero.org\/web\/produce-prepara-plan-de-contingencia-en-caso-se-confirme-escasez-de-anchoveta\/","title":{"rendered":"Produce prepara plan de contingencia en caso se confirme escasez de Anchoveta"},"content":{"rendered":"<p style=\"text-align: justify;\">El Ministerio de la Producci\u00f3n prepara un plan integral de contingencia en la eventualidad de que las nuevas mediciones del Instituto del Mar del Per\u00fa (Imarpe) confirmen el impacto negativo del Fen\u00f3meno El Ni\u00f1o y las Ondas Kelvin sobre las actividades de pesca de Anchoveta en el mar peruano, tanto en la zona centro-norte como en el sur.<\/p>\n<p style=\"text-align: justify;\">Juan Carlos Requejo, Viceministro de Pesquer\u00eda, inform\u00f3 que las primeras mediciones reportaron resultados negativos, pues las condiciones del clima han generado una migraci\u00f3n de la anchoveta fuera de sus \u00e1reas habituales de ubicaci\u00f3n.<\/p>\n<p style=\"text-align: justify;\">Sin embargo, dijo que dadas las condiciones cambiantes, lo prudente es esperar las nuevas mediciones para adoptar decisiones al respecto.<\/p>\n<p style=\"text-align: justify;\"><em>\u201cLa decisi\u00f3n final sobre la nueva temporada y la cuota de captura que corresponda se conocer\u00e1n a inicios de diciembre, luego de tener los resultados de las nuevas mediciones que ejecutar\u00e1 el Imarpe, con participaci\u00f3n del sector privado\u201d<\/em>, puntualiz\u00f3.<\/p>\n<p style=\"text-align: justify;\">Inform\u00f3 que para la Regi\u00f3n centro-norte del mar peruano, el Imarpe pondr\u00e1 en marcha en los pr\u00f3ximos d\u00edas un segundo crucero de investigaci\u00f3n que concluir\u00e1 aproximadamente los primeros d\u00edas de diciembre.<\/p>\n<p style=\"text-align: justify;\">Adem\u00e1s, tanto para la zona sur como para el centro-norte se realizar\u00e1 la \u201cOperaci\u00f3n Eureka\u201d, los d\u00edas 19 y 20 de noviembre, con participaci\u00f3n de embarcaciones del sector privado.<\/p>\n<p style=\"text-align: justify;\">Tambi\u00e9n ayer se dispuso la convocatoria a embarcaciones de menor escala para medir las condiciones del recurso a partir de la milla 3, lo cual se realizar\u00e1 el pr\u00f3ximo 5 de noviembre.<\/p>\n<p style=\"text-align: justify;\"><em>\u201cTenemos varias mediciones y los resultados se conocer\u00e1n aproximadamente a finales de noviembre e inicios de diciembre, luego de que el Imarpe entregue a Produce sus recomendaciones definitivas. Por ello, es importante esperar estos resultados para tomar decisiones sobre la nueva temporada\u201d<\/em>, precis\u00f3 Requejo.<\/p>\n<p style=\"text-align: justify;\"><strong>Plan de contingencia<\/strong><\/p>\n<p style=\"text-align: justify;\">El Funcionario inform\u00f3 que el \u00faltimo martes 28 de octubre, expuso ante la Comisi\u00f3n de Producci\u00f3n, Micro y Peque\u00f1a Empresa y Cooperativas del Congreso, las medidas del plan de contingencia que el Ministerio de Producci\u00f3n ejecutar\u00eda ante la eventualidad de confirmarse los resultados encontrados por Imarpe en sus primeras mediciones.<\/p>\n<p style=\"text-align: justify;\">Refiri\u00f3 que dicho plan se empez\u00f3 a trabajar inmediatamente despu\u00e9s que Imarpe emitiera el 3 de octubre el informe <em>\u201cSituaci\u00f3n del stock norte centro de la Anchoveta peruana a octubre de 2014\u201d.<\/em><\/p>\n<p style=\"text-align: justify;\"><span style=\"text-decoration: underline;\"><strong>Las medidas iniciales expuestas son las siguientes:<\/strong><\/span><\/p>\n<p style=\"text-align: justify;\">Promover\u00e1n el aprovechamiento industrial de otras especies tales como la Vinciguerria, que ha aparecido en el Mar peruano en grandes cantidades. Para tal efecto, se trabajar\u00e1 estrechamente con el sector privado.<\/p>\n<p style=\"text-align: justify;\">Fortalecer\u00e1n la pesca de otros recursos tales como la Pota, el Perico y el At\u00fan, Bonito, Jurel y Caballa. Al respecto, el viernes \u00faltimo, Produce ha lanzado el cuarto concurso p\u00fablico de acceso a la cuota de at\u00fan tropical en el Mar peruano y el Oc\u00e9ano Pac\u00edfico Oriental (OPO), con condiciones m\u00e1s auspiciosas a las ya existentes.<\/p>\n<p style=\"text-align: justify;\">Intensificar\u00e1n el control a la actividad extractiva de menor escala que en la actualidad ya cuenta con sistemas de control satelital.<\/p>\n<p style=\"text-align: justify;\">Propiciar\u00e1n que los pescadores tengan coberturas de riesgos derivados de eventos an\u00f3malos como El Ni\u00f1o, en coordinaci\u00f3n con otras entidades del Estado. Entre otras acciones, se analiza la factibilidad de liberar parte de laCompensaci\u00f3n por Tiempo de Servicios (CTS).<\/p>\n<p style=\"text-align: justify;\">Fortalecer\u00e1n el marco legal en el sur para permitir un aprovechamiento sostenible y m\u00e1s eficiente del recurso, en base a recomendaciones y evidencias cient\u00edficas de Imarpe.<\/p>\n<p style=\"text-align: justify;\">Se ha puesto en marcha ocho proyectos normativos referidos al ordenamiento pesquero y a la promoci\u00f3n del consumo humano directo del recurso Anchoveta, con el fin de fortalecer la regulaci\u00f3n del sector. Las normas se est\u00e1n pre-publicando en el portal de Produce.<\/p>\n<p style=\"text-align: justify;\">Finalmente, Requejo sostuvo que el Ministerio de la Producci\u00f3n realiza un di\u00e1logo intenso con gremios y diversos sectores de la pesca para afrontar la situaci\u00f3n de manera coordinada.<\/p>\n<p style=\"text-align: justify;\">Asimismo, trabaja muy cerca con otras entidades del Estado para revertir eventuales impactos negativos del fen\u00f3meno natural, especialmente en los trabajadores del sector.<\/p>\n<p style=\"text-align: justify;\"><em>\u201cEstamos muy vigilantes y proactivos para afrontar esta situaci\u00f3n\u201d<\/em>, concluy\u00f3.<\/p>\n<p style=\"text-align: justify;\"><strong>FUENTE:<\/strong> Andina.com.pe<\/p>\n","protected":false},"excerpt":{"rendered":"<p>El Ministerio de la Producci\u00f3n prepara un plan integral de contingencia en la eventualidad de que las nuevas mediciones del Instituto del Mar del Per\u00fa (Imarpe) confirmen el impacto negativo del Fen\u00f3meno El Ni\u00f1o y las Ondas Kelvin sobre las actividades de pesca de Anchoveta en el mar peruano, tanto en la zona centro-norte como [&hellip;]<\/p>\n","protected":false},"author":2,"featured_media":0,"comment_status":"open","ping_status":"open","sticky":false,"template":"","format":"standard","meta":{"footnotes":""},"categories":[78,63,67],"tags":[195,341,371,671,701,800,988,1023],"class_list":["post-2390","post","type-post","status-publish","format-standard","hentry","category-nacionales","category-noticias","category-pesqueria","tag-anchoveta","tag-bonito","tag-caballa","tag-el-atun","tag-el-perico","tag-fenomeno-de-el-nino","tag-jurel","tag-la-pota"],"_links":{"self":[{"href":"http:\/\/www.perupesquero.org\/web\/wp-json\/wp\/v2\/posts\/2390","targetHints":{"allow":["GET"]}}],"collection":[{"href":"http:\/\/www.perupesquero.org\/web\/wp-json\/wp\/v2\/posts"}],"about":[{"href":"http:\/\/www.perupesquero.org\/web\/wp-json\/wp\/v2\/types\/post"}],"author":[{"embeddable":true,"href":"http:\/\/www.perupesquero.org\/web\/wp-json\/wp\/v2\/users\/2"}],"replies":[{"embeddable":true,"href":"http:\/\/www.perupesquero.org\/web\/wp-json\/wp\/v2\/comments?post=2390"}],"version-history":[{"count":0,"href":"http:\/\/www.perupesquero.org\/web\/wp-json\/wp\/v2\/posts\/2390\/revisions"}],"wp:attachment":[{"href":"http:\/\/www.perupesquero.org\/web\/wp-json\/wp\/v2\/media?parent=2390"}],"wp:term":[{"taxonomy":"category","embeddable":true,"href":"http:\/\/www.perupesquero.org\/web\/wp-json\/wp\/v2\/categories?post=2390"},{"taxonomy":"post_tag","embeddable":true,"href":"http:\/\/www.perupesquero.org\/web\/wp-json\/wp\/v2\/tags?post=2390"}],"curies":[{"name":"wp","href":"https:\/\/api.w.org\/{rel}","templated":true}]}}