{"id":23785,"date":"2021-11-20T16:03:31","date_gmt":"2021-11-20T21:03:31","guid":{"rendered":"http:\/\/www.perupesquero.org\/web\/?p=23785"},"modified":"2021-11-20T16:03:33","modified_gmt":"2021-11-20T21:03:33","slug":"pesca-en-menor-escala-provee-el-90-del-empleo-en-peru","status":"publish","type":"post","link":"http:\/\/www.perupesquero.org\/web\/pesca-en-menor-escala-provee-el-90-del-empleo-en-peru\/","title":{"rendered":"Pesca en menor escala provee el 90 % del empleo en Per\u00fa"},"content":{"rendered":"\n<p>El ministro de la Producci\u00f3n, Jorge Prado Palomino, resalt\u00f3 el rol en el sector econ\u00f3mico que desempe\u00f1a la pesca y la acuicultura, pues son actividades artesanales de gran importancia econ\u00f3mica y social.<\/p>\n\n\n\n<p>En ese sentido, dijo que la pesca en peque\u00f1a escala provee aproximadamente el 90 % del empleo en dicho sector y entre el 90 % a 95 % de esas capturas se dirige al consumo humano.<\/p>\n\n\n\n<p>Durante el lanzamiento del A\u00f1o Internacional de la Pesca y Acuicultura Artesanales 2022, dijo que el Per\u00fa ha asumido el compromiso de presidir el Comit\u00e9 Directivo Internacional del IYAFA 2022 y con el apoyo de la FAO, se trabajar\u00e1 conjuntamente por lograr los objetivos propuestos.<\/p>\n\n\n\n<p>El titular de Produce, coment\u00f3 adem\u00e1s que se conf\u00eda en una progresiva utilizaci\u00f3n del Plan de Acci\u00f3n Mundial para contribuir a enfrentar mejor los desaf\u00edos comunes para fortalecer la actividad pesquera, la sostenibilidad del recurso y los esfuerzos para alcanzar la eliminaci\u00f3n de la pobreza.<\/p>\n\n\n\n<p>\u201cElaboramos el Plan de Acci\u00f3n Mundial para la pesca y acuicultura en torno a siete pilares de trabajo: la sostenibilidad medioambiental, econ\u00f3mica y social; la gobernanza; la igualdad de g\u00e9nero; la seguridad alimentaria y nutrici\u00f3n; y la resiliencia\u201d, resalt\u00f3.<\/p>\n\n\n\n<p>Asimismo, el ministro se\u00f1al\u00f3: \u201cDeseamos que este sea un punto de partida para compartir conocimientos, buenas pr\u00e1cticas y experiencias. Solo conseguiremos resultados si nos unimos para superar los desaf\u00edos compartidos. Se lo debemos a nuestros pescadores y acuicultores artesanales\u201d.<\/p>\n\n\n\n<p>Con datos de Andina<\/p>\n","protected":false},"excerpt":{"rendered":"<p>El ministro de la Producci\u00f3n, Jorge Prado Palomino, resalt\u00f3 el rol en el sector econ\u00f3mico que desempe\u00f1a la pesca y la acuicultura, pues son actividades artesanales de gran importancia econ\u00f3mica y social. En ese sentido, dijo que la pesca en peque\u00f1a escala provee aproximadamente el 90 % del empleo en dicho sector y entre el [&hellip;]<\/p>\n","protected":false},"author":2,"featured_media":23786,"comment_status":"open","ping_status":"open","sticky":false,"template":"","format":"standard","meta":{"footnotes":""},"categories":[63],"tags":[],"class_list":["post-23785","post","type-post","status-publish","format-standard","has-post-thumbnail","hentry","category-noticias"],"_links":{"self":[{"href":"http:\/\/www.perupesquero.org\/web\/wp-json\/wp\/v2\/posts\/23785","targetHints":{"allow":["GET"]}}],"collection":[{"href":"http:\/\/www.perupesquero.org\/web\/wp-json\/wp\/v2\/posts"}],"about":[{"href":"http:\/\/www.perupesquero.org\/web\/wp-json\/wp\/v2\/types\/post"}],"author":[{"embeddable":true,"href":"http:\/\/www.perupesquero.org\/web\/wp-json\/wp\/v2\/users\/2"}],"replies":[{"embeddable":true,"href":"http:\/\/www.perupesquero.org\/web\/wp-json\/wp\/v2\/comments?post=23785"}],"version-history":[{"count":2,"href":"http:\/\/www.perupesquero.org\/web\/wp-json\/wp\/v2\/posts\/23785\/revisions"}],"predecessor-version":[{"id":23788,"href":"http:\/\/www.perupesquero.org\/web\/wp-json\/wp\/v2\/posts\/23785\/revisions\/23788"}],"wp:featuredmedia":[{"embeddable":true,"href":"http:\/\/www.perupesquero.org\/web\/wp-json\/wp\/v2\/media\/23786"}],"wp:attachment":[{"href":"http:\/\/www.perupesquero.org\/web\/wp-json\/wp\/v2\/media?parent=23785"}],"wp:term":[{"taxonomy":"category","embeddable":true,"href":"http:\/\/www.perupesquero.org\/web\/wp-json\/wp\/v2\/categories?post=23785"},{"taxonomy":"post_tag","embeddable":true,"href":"http:\/\/www.perupesquero.org\/web\/wp-json\/wp\/v2\/tags?post=23785"}],"curies":[{"name":"wp","href":"https:\/\/api.w.org\/{rel}","templated":true}]}}