{"id":23765,"date":"2021-11-17T23:23:21","date_gmt":"2021-11-18T04:23:21","guid":{"rendered":"http:\/\/www.perupesquero.org\/web\/?p=23765"},"modified":"2021-11-17T23:23:28","modified_gmt":"2021-11-18T04:23:28","slug":"jorge-luis-prado-palomino-jura-como-ministro-de-la-produccion","status":"publish","type":"post","link":"http:\/\/www.perupesquero.org\/web\/jorge-luis-prado-palomino-jura-como-ministro-de-la-produccion\/","title":{"rendered":"Jorge Luis Prado Palomino jura como ministro de la Producci\u00f3n"},"content":{"rendered":"\n<p>Jorge Luis Prado Palomino jur\u00f3 esta noche como titular del Ministerio de la Producci\u00f3n en una ceremonia que se desarroll\u00f3 en el Sal\u00f3n Dorado de Palacio de Gobierno.<\/p>\n\n\n\n<p>El presidente de la Rep\u00fablica, Pedro Castillo Terrones, fue quien tom\u00f3 juramento al nuevo ministro quien reemplaza en el cargo a Jos\u00e9 Rogger Incio S\u00e1nchez.<\/p>\n\n\n\n<p><meta charset=\"utf-8\">Jorge Luis Prado Palomino, es contador p\u00fablico colegiado de la Universidad Nacional de Piura, y cuenta con el grado de maestr\u00eda en Contabilidad y Finanzas y de doctor en Ciencias Contables y Financieras por la Universidad de San Mart\u00edn de Porras.<\/p>\n\n\n\n<p>Cuenta con experiencia en compa\u00f1\u00edas multinacionales y nacionales, del sector consumo masivo, industrial, agroindustrial, log\u00edstica integrada, puertos y banca y finanzas. Adem\u00e1s, se ha desempe\u00f1ado como contador y auditor en diversas empresas privadas y ejerce la docencia universitaria.<\/p>\n\n\n\n<p>A la ceremonia de juramentaci\u00f3n asisti\u00f3 la presidenta del Consejo de Ministros, Mirtha V\u00e1squez, y los ministros de Estado.<\/p>\n\n\n\n<p>Recogido de Andina<\/p>\n\n\n\n<p>Fotograf\u00eda: John Reyes<\/p>\n","protected":false},"excerpt":{"rendered":"<p>Jorge Luis Prado Palomino jur\u00f3 esta noche como titular del Ministerio de la Producci\u00f3n en una ceremonia que se desarroll\u00f3 en el Sal\u00f3n Dorado de Palacio de Gobierno. El presidente de la Rep\u00fablica, Pedro Castillo Terrones, fue quien tom\u00f3 juramento al nuevo ministro quien reemplaza en el cargo a Jos\u00e9 Rogger Incio S\u00e1nchez. Jorge Luis [&hellip;]<\/p>\n","protected":false},"author":2,"featured_media":23766,"comment_status":"open","ping_status":"open","sticky":false,"template":"","format":"standard","meta":{"footnotes":""},"categories":[63],"tags":[],"class_list":["post-23765","post","type-post","status-publish","format-standard","has-post-thumbnail","hentry","category-noticias"],"_links":{"self":[{"href":"http:\/\/www.perupesquero.org\/web\/wp-json\/wp\/v2\/posts\/23765","targetHints":{"allow":["GET"]}}],"collection":[{"href":"http:\/\/www.perupesquero.org\/web\/wp-json\/wp\/v2\/posts"}],"about":[{"href":"http:\/\/www.perupesquero.org\/web\/wp-json\/wp\/v2\/types\/post"}],"author":[{"embeddable":true,"href":"http:\/\/www.perupesquero.org\/web\/wp-json\/wp\/v2\/users\/2"}],"replies":[{"embeddable":true,"href":"http:\/\/www.perupesquero.org\/web\/wp-json\/wp\/v2\/comments?post=23765"}],"version-history":[{"count":1,"href":"http:\/\/www.perupesquero.org\/web\/wp-json\/wp\/v2\/posts\/23765\/revisions"}],"predecessor-version":[{"id":23767,"href":"http:\/\/www.perupesquero.org\/web\/wp-json\/wp\/v2\/posts\/23765\/revisions\/23767"}],"wp:featuredmedia":[{"embeddable":true,"href":"http:\/\/www.perupesquero.org\/web\/wp-json\/wp\/v2\/media\/23766"}],"wp:attachment":[{"href":"http:\/\/www.perupesquero.org\/web\/wp-json\/wp\/v2\/media?parent=23765"}],"wp:term":[{"taxonomy":"category","embeddable":true,"href":"http:\/\/www.perupesquero.org\/web\/wp-json\/wp\/v2\/categories?post=23765"},{"taxonomy":"post_tag","embeddable":true,"href":"http:\/\/www.perupesquero.org\/web\/wp-json\/wp\/v2\/tags?post=23765"}],"curies":[{"name":"wp","href":"https:\/\/api.w.org\/{rel}","templated":true}]}}