{"id":23742,"date":"2021-11-15T16:28:20","date_gmt":"2021-11-15T21:28:20","guid":{"rendered":"http:\/\/www.perupesquero.org\/web\/?p=23742"},"modified":"2021-11-15T16:28:26","modified_gmt":"2021-11-15T21:28:26","slug":"lava-del-volcan-de-la-palma-llega-al-mar-por-un-tercer-punto","status":"publish","type":"post","link":"http:\/\/www.perupesquero.org\/web\/lava-del-volcan-de-la-palma-llega-al-mar-por-un-tercer-punto\/","title":{"rendered":"Lava del volc\u00e1n de La Palma llega al mar por un tercer punto"},"content":{"rendered":"\n<p>La superficie afectada por la erupci\u00f3n volc\u00e1nica se eleva ya a un mill\u00f3n 019 mil 79 hect\u00e1reas<\/p>\n\n\n\n<p><strong>La lava del volc\u00e1n de la isla espa\u00f1ola La Palma alcanz\u00f3 este lunes el mar por un tercer punto<\/strong>, por encima de la fajana que form\u00f3 la erupci\u00f3n del volc\u00e1n San Juan (1949).<\/p>\n\n\n\n<p><strong>Esta lava va casi pegada al delta l\u00e1vico que ha sepultado recientemente la playa de los Guirres<\/strong>, seg\u00fan inform\u00f3 Vicente Soler, vulcan\u00f3logo del Centro Superior de Investigaciones Cient\u00edficas (CSIC).<\/p>\n\n\n\n<p>La superficie afectada por la erupci\u00f3n volc\u00e1nica se eleva ya a un mill\u00f3n 019 mil 79 hect\u00e1reas, 1,12 hect\u00e1reas m\u00e1s que en la \u00faltima actualizaci\u00f3n.<\/p>\n\n\n\n<p><strong>La emisi\u00f3n de di\u00f3xido de azufre asociada al penacho volc\u00e1nico sigue siendo alta<\/strong>, a pesar de que en las \u00faltimas horas ha disminuido respecto a jornadas anteriores, seg\u00fan el Departamento Nacional de Seguridad.<\/p>\n\n\n\n<p>Los cient\u00edficos que analizan la erupci\u00f3n del volc\u00e1n de Cumbre Vieja estiman que el descenso en los niveles de di\u00f3xido de azufre y en los se\u00edsmos a profundidad intermedia podr\u00eda indicar que el sistema volc\u00e1nico cada vez tiene menos energ\u00eda, aunque son partidarios de esperar a que los valores se mantenga en el tiempo para augurar un pr\u00f3ximo final de la erupci\u00f3n.<\/p>\n\n\n\n<p>Mientras, el ministro espa\u00f1ol de Agricultura, Pesca y Alimentaci\u00f3n, Luis Planas, pidi\u00f3 este lunes a la Comisi\u00f3n Europea que movilice ayudas para los agricultores afectados por el volc\u00e1n.<\/p>\n\n\n\n<p>&#8220;La situaci\u00f3n en lo que se refiere a 2021 est\u00e1 salvada en cuanto al cobro de ayudas&#8221;, pero la CE deber\u00eda habilitar ayudas si la erupci\u00f3n sigue en 2022, no solo pensando en los da\u00f1os provocados por las cenizas, sino tambi\u00e9n en las hect\u00e1reas cubiertas por la lava, explic\u00f3 Planas en declaraciones a la prensa, a su llegada a un Consejo de ministros de la UE de Agricultura y Pesca.<\/p>\n\n\n\n<p>&#8220;Tendremos a\u00fan que discutirlo con la Comisi\u00f3n Europea&#8221;, dijo el ministro, que consider\u00f3 que hay &#8220;mecanismos&#8221; a nivel comunitario para habilitar este tipo de apoyo que se destinar\u00eda a plantaciones de pl\u00e1tano, vi\u00f1edos, aguacates, c\u00edtricos y explotaciones ganaderas, que han perdido sus alojamientos, instalaciones y superficies de pasto.&nbsp;<\/p>\n\n\n\n<p>Agencia EFE<\/p>\n","protected":false},"excerpt":{"rendered":"<p>La superficie afectada por la erupci\u00f3n volc\u00e1nica se eleva ya a un mill\u00f3n 019 mil 79 hect\u00e1reas La lava del volc\u00e1n de la isla espa\u00f1ola La Palma alcanz\u00f3 este lunes el mar por un tercer punto, por encima de la fajana que form\u00f3 la erupci\u00f3n del volc\u00e1n San Juan (1949). Esta lava va casi pegada [&hellip;]<\/p>\n","protected":false},"author":2,"featured_media":23744,"comment_status":"open","ping_status":"open","sticky":false,"template":"","format":"standard","meta":{"footnotes":""},"categories":[63],"tags":[],"class_list":["post-23742","post","type-post","status-publish","format-standard","has-post-thumbnail","hentry","category-noticias"],"_links":{"self":[{"href":"http:\/\/www.perupesquero.org\/web\/wp-json\/wp\/v2\/posts\/23742","targetHints":{"allow":["GET"]}}],"collection":[{"href":"http:\/\/www.perupesquero.org\/web\/wp-json\/wp\/v2\/posts"}],"about":[{"href":"http:\/\/www.perupesquero.org\/web\/wp-json\/wp\/v2\/types\/post"}],"author":[{"embeddable":true,"href":"http:\/\/www.perupesquero.org\/web\/wp-json\/wp\/v2\/users\/2"}],"replies":[{"embeddable":true,"href":"http:\/\/www.perupesquero.org\/web\/wp-json\/wp\/v2\/comments?post=23742"}],"version-history":[{"count":1,"href":"http:\/\/www.perupesquero.org\/web\/wp-json\/wp\/v2\/posts\/23742\/revisions"}],"predecessor-version":[{"id":23745,"href":"http:\/\/www.perupesquero.org\/web\/wp-json\/wp\/v2\/posts\/23742\/revisions\/23745"}],"wp:featuredmedia":[{"embeddable":true,"href":"http:\/\/www.perupesquero.org\/web\/wp-json\/wp\/v2\/media\/23744"}],"wp:attachment":[{"href":"http:\/\/www.perupesquero.org\/web\/wp-json\/wp\/v2\/media?parent=23742"}],"wp:term":[{"taxonomy":"category","embeddable":true,"href":"http:\/\/www.perupesquero.org\/web\/wp-json\/wp\/v2\/categories?post=23742"},{"taxonomy":"post_tag","embeddable":true,"href":"http:\/\/www.perupesquero.org\/web\/wp-json\/wp\/v2\/tags?post=23742"}],"curies":[{"name":"wp","href":"https:\/\/api.w.org\/{rel}","templated":true}]}}