{"id":23713,"date":"2021-11-12T17:38:19","date_gmt":"2021-11-12T22:38:19","guid":{"rendered":"http:\/\/www.perupesquero.org\/web\/?p=23713"},"modified":"2021-11-12T17:38:25","modified_gmt":"2021-11-12T22:38:25","slug":"produce-impulsa-el-desarrollo-de-las-mype-madera-de-ucayali","status":"publish","type":"post","link":"http:\/\/www.perupesquero.org\/web\/produce-impulsa-el-desarrollo-de-las-mype-madera-de-ucayali\/","title":{"rendered":"Produce impulsa el desarrollo de las Mype madera de Ucayali"},"content":{"rendered":"\n<p>Con el fin de apoyar al sector empresarial de la regi\u00f3n Ucayali, el Ministerio de la Producci\u00f3n, puso a disposici\u00f3n, a trav\u00e9s del Centro de Innovaci\u00f3n Productiva y Transferencia Tecnol\u00f3gica forestal de Pucallpa (CITE forestal Pucallpa), un nuevo equipamiento en su planta piloto.<br><br>Seg\u00fan explic\u00f3 el titular del sector, Jos\u00e9 Incio, desde hoy este CITE cuenta con nuevo equipamiento en su planta piloto de afilado que mejorar\u00e1 la calidad de la asistencia t\u00e9cnica, capacitaci\u00f3n y transferencia tecnol\u00f3gica para la transformaci\u00f3n de la madera. &nbsp;<br><br>Tras presentar los equipos, el ministro, destac\u00f3 la labor del sector en la promoci\u00f3n del desarrollo productivo de las micro y peque\u00f1as empresas forestales de la regi\u00f3n Ucayali.<br><br>Su implementaci\u00f3n demand\u00f3 una inversi\u00f3n de tres millones y el CITE forestal Pucallpa viene recibiendo capacitaci\u00f3n para su uso mediante un convenio interinstitucional con Pro Bosques de la Agencia de los Estados Unidos para el Desarrollo Internacional (USAID).<br><br>El CITEforestal Pucallpa contribuye a la productividad y competitividad de los medianos, peque\u00f1os y microempresarios de las cadenas de valor de la madera, a trav\u00e9s de servicios de capacitaci\u00f3n y asistencia t\u00e9cnica, asesor\u00eda especializada para la adopci\u00f3n de nuevas tecnolog\u00edas, investigaci\u00f3n, desarrollo e innovaci\u00f3n productiva y servicios tecnol\u00f3gicos.&nbsp;<br><br>La instituci\u00f3n est\u00e1 adscrita al Instituto Tecnol\u00f3gico de la Producci\u00f3n ITP que conforma la red CITE del Ministerio de la Producci\u00f3n. En el Per\u00fa existen 47 CITE que atienden las demandas de los productores y empresarios de sectores productivos de alimento, indumentaria, mueble y madera.<\/p>\n\n\n\n<p>Fuente: Ministerio de la Producci\u00f3n<\/p>\n","protected":false},"excerpt":{"rendered":"<p>Con el fin de apoyar al sector empresarial de la regi\u00f3n Ucayali, el Ministerio de la Producci\u00f3n, puso a disposici\u00f3n, a trav\u00e9s del Centro de Innovaci\u00f3n Productiva y Transferencia Tecnol\u00f3gica forestal de Pucallpa (CITE forestal Pucallpa), un nuevo equipamiento en su planta piloto. Seg\u00fan explic\u00f3 el titular del sector, Jos\u00e9 Incio, desde hoy este CITE [&hellip;]<\/p>\n","protected":false},"author":2,"featured_media":23714,"comment_status":"open","ping_status":"open","sticky":false,"template":"","format":"standard","meta":{"footnotes":""},"categories":[63],"tags":[],"class_list":["post-23713","post","type-post","status-publish","format-standard","has-post-thumbnail","hentry","category-noticias"],"_links":{"self":[{"href":"http:\/\/www.perupesquero.org\/web\/wp-json\/wp\/v2\/posts\/23713","targetHints":{"allow":["GET"]}}],"collection":[{"href":"http:\/\/www.perupesquero.org\/web\/wp-json\/wp\/v2\/posts"}],"about":[{"href":"http:\/\/www.perupesquero.org\/web\/wp-json\/wp\/v2\/types\/post"}],"author":[{"embeddable":true,"href":"http:\/\/www.perupesquero.org\/web\/wp-json\/wp\/v2\/users\/2"}],"replies":[{"embeddable":true,"href":"http:\/\/www.perupesquero.org\/web\/wp-json\/wp\/v2\/comments?post=23713"}],"version-history":[{"count":1,"href":"http:\/\/www.perupesquero.org\/web\/wp-json\/wp\/v2\/posts\/23713\/revisions"}],"predecessor-version":[{"id":23715,"href":"http:\/\/www.perupesquero.org\/web\/wp-json\/wp\/v2\/posts\/23713\/revisions\/23715"}],"wp:featuredmedia":[{"embeddable":true,"href":"http:\/\/www.perupesquero.org\/web\/wp-json\/wp\/v2\/media\/23714"}],"wp:attachment":[{"href":"http:\/\/www.perupesquero.org\/web\/wp-json\/wp\/v2\/media?parent=23713"}],"wp:term":[{"taxonomy":"category","embeddable":true,"href":"http:\/\/www.perupesquero.org\/web\/wp-json\/wp\/v2\/categories?post=23713"},{"taxonomy":"post_tag","embeddable":true,"href":"http:\/\/www.perupesquero.org\/web\/wp-json\/wp\/v2\/tags?post=23713"}],"curies":[{"name":"wp","href":"https:\/\/api.w.org\/{rel}","templated":true}]}}