{"id":23706,"date":"2021-11-12T16:44:20","date_gmt":"2021-11-12T21:44:20","guid":{"rendered":"http:\/\/www.perupesquero.org\/web\/?p=23706"},"modified":"2021-11-12T16:44:22","modified_gmt":"2021-11-12T21:44:22","slug":"caf-el-banco-verde-de-america-latina","status":"publish","type":"post","link":"http:\/\/www.perupesquero.org\/web\/caf-el-banco-verde-de-america-latina\/","title":{"rendered":"CAF, el banco verde de Am\u00e9rica latina"},"content":{"rendered":"\n<p>Durante la cumbre, el organismo anunci\u00f3 que durante los pr\u00f3ximos cinco a\u00f1os movilizar\u00e1 US$ 25.000 millones para fomentar el crecimiento verde en la regi\u00f3n.<\/p>\n\n\n\n<p>M\u00e1s de 40.000 expertos clim\u00e1ticos internacionales se encontraron en Glasgow para la COP26, una cumbre global que estaba llamada a aumentar la ambici\u00f3n para reducir las emisiones de gases de efecto invernadero, y con ello alcanzar la neutralidad en las emisiones en el 2050. Para Am\u00e9rica Latina, los retos pasaban por ampliar el financiamiento a iniciativas de adaptaci\u00f3n y mitigaci\u00f3n; posicionarse como actor de referencia en el todav\u00eda incipiente mercado del carbono; y apostar por las soluciones basadas en la naturaleza.<\/p>\n\n\n\n<p>Durante la COP26, CAF anunci\u00f3 que en los pr\u00f3ximos cinco a\u00f1os destinar\u00e1&nbsp;<a href=\"https:\/\/www.caf.com\/es\/actualidad\/noticias\/2021\/11\/caf-destinara-usd-25000-millones-en-los-proximos-cinco-anos-para-fomentar-el-crecimiento-verde\/\">US$ 25.000 millones a fomentar el crecimiento verde en la regi\u00f3n<\/a>. El organismo multilateral plantea una&nbsp;estrategia verde que impulse la acci\u00f3n clim\u00e1tica, la conservaci\u00f3n de la biodiversidad, la transici\u00f3n energ\u00e9tica y las soluciones basadas en la naturaleza. Para ello, movilizar\u00e1 recursos financieros propios y alinear\u00e1 intereses de actores p\u00fablicos y privados alrededor de la responsabilidad ambiental y social y de la reducci\u00f3n de emisiones de gases de efecto invernadero.<\/p>\n\n\n\n<p>El financiamiento verde de la instituci\u00f3n pasar\u00e1 del 24% en 2020 al 40% en 2026, y todas sus operaciones estar\u00e1n alineadas con los objetivos del Acuerdo de Par\u00eds.<\/p>\n\n\n\n<p>Como parte de esta nueva agenda verde,&nbsp;<a href=\"https:\/\/www.caf.com\/es\/actualidad\/noticias\/2021\/11\/caf-aportara-usd-1-millon-para-proteger-el-corredor-marino-del-pacifico\/\">CAF tambi\u00e9n anunci\u00f3 que aportar\u00e1 US$ 1 mill\u00f3n<\/a>&nbsp;para conservar la biodiversidad y el uso de los recursos marinos y costeros del Corredor Marino del Pac\u00edfico Este Tropical, una regi\u00f3n compartida por Colombia, Costa Rica, Ecuador y Panam\u00e1, que genera US$ 3.000 millones anuales derivados principalmente de la pesca, el turismo y el transporte mar\u00edtimo.<\/p>\n\n\n\n<p>Adicionalmente, durante la COP26 CAF realiz\u00f3 las siguientes actividades:<\/p>\n\n\n\n<p><a href=\"https:\/\/www.caf.com\/es\/actualidad\/noticias\/2021\/11\/caf-protege-710000-hectareas-de-bosque-tropical-en-colombia-compensando-sus-emisiones-de-gases-de-efecto-invernadero\/\">CAF protege 710.000 hect\u00e1reas de bosque tropical en Colombia<\/a>, compensando sus emisiones de gases de efecto invernadero. El proyecto proteger\u00e1 70 especies en peligro de extinci\u00f3n, evitar\u00e1 la emisi\u00f3n de 434.387 toneladas de CO2 cada a\u00f1o y proveer\u00e1&nbsp;sustento para 1.497 familias de 15 comunidades afrocolombianas.<\/p>\n\n\n\n<p><a href=\"https:\/\/www.caf.com\/es\/actualidad\/noticias\/2021\/11\/caf-y-el-mit-crean-proyecto-para-proteger-los-bosques-tropicales-de-colombia\/\">CAF y el MIT crean proyecto para proteger los bosques tropicales de Colombia<\/a>. Mediante la gesti\u00f3n de datos y tecnolog\u00edas innovadoras soportadas en uso de drones, este proyecto contribuir\u00e1 al monitoreo de deslizamiento de tierras, poniendo en marcha un novedoso mecanismo de alerta temprana para reducir la vulnerabilidad clim\u00e1tica que hist\u00f3ricamente afecta a las comunidades locales de Mocoa, municipio colombiano cabecera del Departamento de Putumayo.<\/p>\n\n\n\n<p><a href=\"https:\/\/www.caf.com\/es\/actualidad\/noticias\/2021\/11\/caf-y-el-gobierno-de-la-ciudad-de-buenos-aires-promueven-las-agendas-de-buena-gobernanza-y-accion-climatica-de-gobiernos-locales\/?parent=1280\">CAF y el Gobierno de la Ciudad de Buenos Aires<\/a>&nbsp;promueven las agendas de buena gobernanza y acci\u00f3n clim\u00e1tica de gobiernos locales. Ambas instituciones llevaron a cabo un&nbsp;<a href=\"https:\/\/www.caf.com\/es\/actualidad\/eventos\/2021\/11\/ba-cambio-climatico-gobierno-abierto-para-la-accion-por-el-clima\/?parent=6387&amp;social=twitter\">evento virtual<\/a>para presentar la nueva plataforma \u201c<a href=\"https:\/\/www.buenosaires.gob.ar\/cambioclimatico\">BA cambio clim\u00e1tico<\/a>\u201d, que tiene como objetivo vincular las agendas tanto de buena gobernanza como de acci\u00f3n clim\u00e1tica, as\u00ed como fomentar mecanismos de cooperaci\u00f3n entre organismos internacionales y gobiernos locales e impulsar una comunidad de pr\u00e1cticas que permite intercambiar experiencias y lecciones aprendidas.<\/p>\n\n\n\n<p>CAF present\u00f3 los&nbsp;<a href=\"https:\/\/www.caf.com\/es\/actualidad\/noticias\/2021\/11\/caf-presenta-en-la-cop-los-indices-de-vulnerabilidad-al-cambio-climatico-de-nueve-ciudades-de-latinoamerica\/?parent=1280\">\u00edndices de vulnerabilidad al cambio clim\u00e1tico<\/a>&nbsp;de nueve ciudades de Latinoam\u00e9rica. Tambi\u00e9n durante la COP en Glasgow, CAF present\u00f3 los \u00edndices de vulnerabilidad al cambio clim\u00e1tico de 9 ciudades de Latinoam\u00e9rica:&nbsp;<a href=\"https:\/\/www.caf.com\/es\/actualidad\/noticias\/2021\/11\/inundacion-y-escasez-de-recursos-hidricos-son-amenazas-climaticas-comunes-en-la-paz-y-tarija-segun-estudios-de-caf\/\">La Paz y Tarija<\/a>&nbsp;(Bolivia),&nbsp;<a href=\"https:\/\/www.caf.com\/es\/actualidad\/noticias\/2021\/11\/nuevo-estudio-mide-la-vulnerabilidad-al-cambio-climatico-en-recife-y-fortaleza\/\">Fortaleza y Recife<\/a>&nbsp;(Brasil),&nbsp;<a href=\"https:\/\/www.caf.com\/es\/actualidad\/noticias\/2021\/11\/nuevo-estudio-mide-la-vulnerabilidad-al-cambio-climatico-de-loja-portoviejo-y-santa-cruz\/\">Loja, Portoviejo y Santa Cruz de Galapagos<\/a>&nbsp;(Ecuador),&nbsp;<a href=\"https:\/\/www.caf.com\/es\/actualidad\/noticias\/2021\/11\/nuevo-estudio-mide-la-vulnerabilidad-al-cambio-climatico-de-trujillo-y-piura\/\">Trujillo y Piura<\/a>&nbsp;(Per\u00fa).<\/p>\n\n\n\n<p><a href=\"https:\/\/www.caf.com\/es\/actualidad\/noticias\/2021\/11\/mercado-del-carbono-solucion-climatica-para-america-latina\/\"><em>Mercado del carbono: \u00bfsoluci\u00f3n clim\u00e1tica para Am\u00e9rica Latina?<\/em><\/a>\u00a0Entre todas las propuestas, el mercado del carbono parece la m\u00e1s prometedora, especialmente para regiones en desarrollo como Am\u00e9rica Latina. Estos mercados consisten en que los pa\u00edses realizan\u00a0transferencias de reducciones de emisiones de forma voluntaria o vinculante entre ellos. Aunque todav\u00eda no se encuentran reglamentados, el acuerdo entre los pa\u00edses es fundamental para que se comiencen a activar los mecanismos necesarios para su funcionamiento.<\/p>\n\n\n\n<p>Con informaci\u00f3n de Mercado<\/p>\n","protected":false},"excerpt":{"rendered":"<p>Durante la cumbre, el organismo anunci\u00f3 que durante los pr\u00f3ximos cinco a\u00f1os movilizar\u00e1 US$ 25.000 millones para fomentar el crecimiento verde en la regi\u00f3n. M\u00e1s de 40.000 expertos clim\u00e1ticos internacionales se encontraron en Glasgow para la COP26, una cumbre global que estaba llamada a aumentar la ambici\u00f3n para reducir las emisiones de gases de efecto [&hellip;]<\/p>\n","protected":false},"author":2,"featured_media":23707,"comment_status":"open","ping_status":"open","sticky":false,"template":"","format":"standard","meta":{"footnotes":""},"categories":[63],"tags":[],"class_list":["post-23706","post","type-post","status-publish","format-standard","has-post-thumbnail","hentry","category-noticias"],"_links":{"self":[{"href":"http:\/\/www.perupesquero.org\/web\/wp-json\/wp\/v2\/posts\/23706","targetHints":{"allow":["GET"]}}],"collection":[{"href":"http:\/\/www.perupesquero.org\/web\/wp-json\/wp\/v2\/posts"}],"about":[{"href":"http:\/\/www.perupesquero.org\/web\/wp-json\/wp\/v2\/types\/post"}],"author":[{"embeddable":true,"href":"http:\/\/www.perupesquero.org\/web\/wp-json\/wp\/v2\/users\/2"}],"replies":[{"embeddable":true,"href":"http:\/\/www.perupesquero.org\/web\/wp-json\/wp\/v2\/comments?post=23706"}],"version-history":[{"count":1,"href":"http:\/\/www.perupesquero.org\/web\/wp-json\/wp\/v2\/posts\/23706\/revisions"}],"predecessor-version":[{"id":23708,"href":"http:\/\/www.perupesquero.org\/web\/wp-json\/wp\/v2\/posts\/23706\/revisions\/23708"}],"wp:featuredmedia":[{"embeddable":true,"href":"http:\/\/www.perupesquero.org\/web\/wp-json\/wp\/v2\/media\/23707"}],"wp:attachment":[{"href":"http:\/\/www.perupesquero.org\/web\/wp-json\/wp\/v2\/media?parent=23706"}],"wp:term":[{"taxonomy":"category","embeddable":true,"href":"http:\/\/www.perupesquero.org\/web\/wp-json\/wp\/v2\/categories?post=23706"},{"taxonomy":"post_tag","embeddable":true,"href":"http:\/\/www.perupesquero.org\/web\/wp-json\/wp\/v2\/tags?post=23706"}],"curies":[{"name":"wp","href":"https:\/\/api.w.org\/{rel}","templated":true}]}}