{"id":23588,"date":"2021-11-03T22:49:03","date_gmt":"2021-11-04T03:49:03","guid":{"rendered":"http:\/\/www.perupesquero.org\/web\/?p=23588"},"modified":"2021-11-03T22:49:14","modified_gmt":"2021-11-04T03:49:14","slug":"mivivienda-coloca-2085-creditos-en-octubre-y-alcanza-record-historico","status":"publish","type":"post","link":"http:\/\/www.perupesquero.org\/web\/mivivienda-coloca-2085-creditos-en-octubre-y-alcanza-record-historico\/","title":{"rendered":"Mivivienda coloca 2,085 cr\u00e9ditos en octubre y alcanza r\u00e9cord hist\u00f3rico"},"content":{"rendered":"\n<p>El Fondo MIVIVIENDA S.A. (FMV), empresa adscrita al Ministerio de Vivienda, Construcci\u00f3n y Saneamiento anunci\u00f3 que octubre cerr\u00f3 con 2,085 operaciones crediticias, desembols\u00e1ndose S\/ 295 millones, la cifra m\u00e1s alta obtenida desde la creaci\u00f3n de la empresa del Estado.<\/p>\n\n\n\n<p>Este monto represent\u00f3 un incremento de 93% con relaci\u00f3n a los 1,082 cr\u00e9ditos registrados en octubre del 2020. Los otros dos mejores resultados en la historia del FMV, se obtuvieron en setiembre del 2013 (1,246 cr\u00e9ditos) y mayo de ese mismo a\u00f1o (1,239 cr\u00e9ditos).<\/p>\n\n\n\n<p>De esta manera, el acumulado de enero a octubre de este a\u00f1o lleg\u00f3 a 10,375 cr\u00e9ditos Mivivienda, logrando desembolsar S\/ 1,419 millones, que signific\u00f3 un crecimiento de 67% con relaci\u00f3n a similar periodo del 2020 (6,224 cr\u00e9ditos y S\/ 905 millones en desembolsos).<\/p>\n\n\n\n<p>\u201cEs una cifra hist\u00f3rica que refleja el comportamiento del mercado que, pese a la pandemia, ha mostrado resiliencia y hoy muestra n\u00fameros que permiten marcar el derrotero de lo que ser\u00e1 el 2022\u201d, se\u00f1al\u00f3 Pedro Arroyo Marquina, Presidente de Directorio del FMV.<\/p>\n\n\n\n<p>En ese sentido, indic\u00f3 que se prev\u00e9 colocar al cierre del a\u00f1o 12,500 cr\u00e9ditos Mivivienda y por el lado del programa Techo Propio, desembolsar m\u00e1s de 45,000 Bonos Familiares Habitacionales, beneficiando a 57,500 familias con una vivienda social en todo el pa\u00eds.<\/p>\n\n\n\n<p>Arroyo Marquina, quien hace poco asumi\u00f3 la presidencia de Mivivienda, destac\u00f3 la importancia de darle continuidad a la gesti\u00f3n de la empresa del Estado. \u201cNosotros hemos venido a sumar esfuerzos. El Ejecutivo tiene como objetivo seguir impulsando la vivienda social y hacia ello est\u00e1 enfocada nuestra administraci\u00f3n\u201d, precis\u00f3.<\/p>\n\n\n\n<p>\u201cEsta nueva gesti\u00f3n pondr\u00e1 \u00e9nfasis en acelerar los procesos y acortar los plazos administrativos acorde a la coyuntura para ayudar a m\u00e1s familias a obtener una vivienda social digna y de calidad\u201d, se\u00f1al\u00f3.<\/p>\n\n\n\n<p><strong>Oferta Mivivienda<\/strong><\/p>\n\n\n\n<p>De otro lado, el FMV destac\u00f3 que a nivel nacional existe una oferta inmobiliaria disponible de 73,639 unidades de vivienda social, tanto para el Nuevo Cr\u00e9dito Mivivienda (NCMV) como el programa Techo Propio, en la modalidad de Adquisici\u00f3n de Vivienda Nueva (TP-AVN).<\/p>\n\n\n\n<p>Por el lado del NCMV, la oferta se desagrega en 35,045 viviendas en Lima y Callao, representando el 67.3% y, en el resto del pa\u00eds, alcanza las 17,034 unidades (32.7%). El registro total de proyectos en este segmento asciende a 440.<\/p>\n\n\n\n<p>A nivel del programa TP-AVN, la oferta asciende a 759 unidades en Lima y Callao y 20,801 en provincias en 119 proyectos en todo el pa\u00eds. Siendo las macrorregiones norte, centro y oriente los que concentran la mayor oferta.<\/p>\n\n\n\n<p>\u201cEn este punto es importante destacar el impulso descentralizador de la vivienda de inter\u00e9s social. Las acciones desde Mivivienda, alineado a la pol\u00edtica del sector, est\u00e1n enfocadas en promover la articulaci\u00f3n del mercado y estos resultados evidencian el trabajo que se viene haciendo a la fecha\u201d, resalt\u00f3 el Presidente del FMV.<\/p>\n\n\n\n<p>Finalmente, reiter\u00f3 que el objetivo del sector es facilitar el acceso a m\u00e1s familias a una vivienda digna y de calidad y lograr, con el aporte de la empresa privada, a la reducci\u00f3n de la brecha habitacional a nivel nacional.<\/p>\n","protected":false},"excerpt":{"rendered":"<p>El Fondo MIVIVIENDA S.A. (FMV), empresa adscrita al Ministerio de Vivienda, Construcci\u00f3n y Saneamiento anunci\u00f3 que octubre cerr\u00f3 con 2,085 operaciones crediticias, desembols\u00e1ndose S\/ 295 millones, la cifra m\u00e1s alta obtenida desde la creaci\u00f3n de la empresa del Estado. Este monto represent\u00f3 un incremento de 93% con relaci\u00f3n a los 1,082 cr\u00e9ditos registrados en octubre [&hellip;]<\/p>\n","protected":false},"author":2,"featured_media":23589,"comment_status":"open","ping_status":"open","sticky":false,"template":"","format":"standard","meta":{"footnotes":""},"categories":[63],"tags":[],"class_list":["post-23588","post","type-post","status-publish","format-standard","has-post-thumbnail","hentry","category-noticias"],"_links":{"self":[{"href":"http:\/\/www.perupesquero.org\/web\/wp-json\/wp\/v2\/posts\/23588","targetHints":{"allow":["GET"]}}],"collection":[{"href":"http:\/\/www.perupesquero.org\/web\/wp-json\/wp\/v2\/posts"}],"about":[{"href":"http:\/\/www.perupesquero.org\/web\/wp-json\/wp\/v2\/types\/post"}],"author":[{"embeddable":true,"href":"http:\/\/www.perupesquero.org\/web\/wp-json\/wp\/v2\/users\/2"}],"replies":[{"embeddable":true,"href":"http:\/\/www.perupesquero.org\/web\/wp-json\/wp\/v2\/comments?post=23588"}],"version-history":[{"count":2,"href":"http:\/\/www.perupesquero.org\/web\/wp-json\/wp\/v2\/posts\/23588\/revisions"}],"predecessor-version":[{"id":23591,"href":"http:\/\/www.perupesquero.org\/web\/wp-json\/wp\/v2\/posts\/23588\/revisions\/23591"}],"wp:featuredmedia":[{"embeddable":true,"href":"http:\/\/www.perupesquero.org\/web\/wp-json\/wp\/v2\/media\/23589"}],"wp:attachment":[{"href":"http:\/\/www.perupesquero.org\/web\/wp-json\/wp\/v2\/media?parent=23588"}],"wp:term":[{"taxonomy":"category","embeddable":true,"href":"http:\/\/www.perupesquero.org\/web\/wp-json\/wp\/v2\/categories?post=23588"},{"taxonomy":"post_tag","embeddable":true,"href":"http:\/\/www.perupesquero.org\/web\/wp-json\/wp\/v2\/tags?post=23588"}],"curies":[{"name":"wp","href":"https:\/\/api.w.org\/{rel}","templated":true}]}}