{"id":23551,"date":"2021-10-28T17:34:23","date_gmt":"2021-10-28T22:34:23","guid":{"rendered":"http:\/\/www.perupesquero.org\/web\/?p=23551"},"modified":"2021-10-28T17:34:35","modified_gmt":"2021-10-28T22:34:35","slug":"peru-presidente-castillo-inauguro-feria-de-defensa-nacional-y-prevencion-de-desastres","status":"publish","type":"post","link":"http:\/\/www.perupesquero.org\/web\/peru-presidente-castillo-inauguro-feria-de-defensa-nacional-y-prevencion-de-desastres\/","title":{"rendered":"Per\u00fa: Presidente Castillo inaugur\u00f3 feria de defensa nacional y prevenci\u00f3n de desastres"},"content":{"rendered":"\n<p>El presidente de la Rep\u00fablica, Pedro Castillo, junto al ministro de Defensa, Walter Ayala, inauguraron el VIII Sal\u00f3n Internacional de Tecnolog\u00eda para la Defensa y Prevenci\u00f3n de Desastres (SITDEF 2021) y IV Expo Ciberseguridad, en el Cuartel General del Ej\u00e9rcito.<\/p>\n\n\n\n<p>En la feria se exhibe lo m\u00e1s avanzado en tecnolog\u00eda militar para la defensa nacional y prevenci\u00f3n de desastres, y cuenta con la participaci\u00f3n de m\u00e1s de 190 expositores de 27 pa\u00edses quienes exhibir\u00e1n sus productos hasta el 31 de octubre.<\/p>\n\n\n\n<p>Este importante evento permite exhibir el estado de la tecnolog\u00eda en la defensa y prevenci\u00f3n de desastres, y al mismo tiempo promueve la integraci\u00f3n de pa\u00edses que compartimos una visi\u00f3n de desarrollo tecnol\u00f3gico y de creaci\u00f3n de una nueva cultura de defensa\u201d, afirm\u00f3 el presidente.<\/p>\n\n\n\n<p>El jefe de Estado agreg\u00f3 que el SITDEF apunta a la formaci\u00f3n de una cultura de prevenci\u00f3n y alerta ciudadana, debido a que el Per\u00fa por su ubicaci\u00f3n geogr\u00e1fica est\u00e1 altamente expuesto a sismos, huaicos, inundaciones, heladas, etc.<\/p>\n\n\n\n<p>Por su parte el titular del Mindef destac\u00f3 la importancia de aplicar este tipo de tecnolog\u00eda en la lucha contra diversos flagelos en el pa\u00eds como el narcotr\u00e1fico o el terrorismo.<\/p>\n\n\n\n<p>La inauguraci\u00f3n tambi\u00e9n cont\u00f3 con la presencia del jefe del Comando Conjunto de las Fuerzas Armadas, los comandantes generales del Ej\u00e9rcito, de la Marina de Guerra y de la Fuerza A\u00e9rea, adem\u00e1s del jefe del Instituto Nacional de Defensa Civil (Indeci). <\/p>\n\n\n\n<p>Fotograf\u00eda: Ministerio de Defensa- Datos: Andina<\/p>\n\n\n\n<p><\/p>\n","protected":false},"excerpt":{"rendered":"<p>El presidente de la Rep\u00fablica, Pedro Castillo, junto al ministro de Defensa, Walter Ayala, inauguraron el VIII Sal\u00f3n Internacional de Tecnolog\u00eda para la Defensa y Prevenci\u00f3n de Desastres (SITDEF 2021) y IV Expo Ciberseguridad, en el Cuartel General del Ej\u00e9rcito. En la feria se exhibe lo m\u00e1s avanzado en tecnolog\u00eda militar para la defensa nacional [&hellip;]<\/p>\n","protected":false},"author":2,"featured_media":23552,"comment_status":"open","ping_status":"open","sticky":false,"template":"","format":"standard","meta":{"footnotes":""},"categories":[63],"tags":[],"class_list":["post-23551","post","type-post","status-publish","format-standard","has-post-thumbnail","hentry","category-noticias"],"_links":{"self":[{"href":"http:\/\/www.perupesquero.org\/web\/wp-json\/wp\/v2\/posts\/23551","targetHints":{"allow":["GET"]}}],"collection":[{"href":"http:\/\/www.perupesquero.org\/web\/wp-json\/wp\/v2\/posts"}],"about":[{"href":"http:\/\/www.perupesquero.org\/web\/wp-json\/wp\/v2\/types\/post"}],"author":[{"embeddable":true,"href":"http:\/\/www.perupesquero.org\/web\/wp-json\/wp\/v2\/users\/2"}],"replies":[{"embeddable":true,"href":"http:\/\/www.perupesquero.org\/web\/wp-json\/wp\/v2\/comments?post=23551"}],"version-history":[{"count":1,"href":"http:\/\/www.perupesquero.org\/web\/wp-json\/wp\/v2\/posts\/23551\/revisions"}],"predecessor-version":[{"id":23553,"href":"http:\/\/www.perupesquero.org\/web\/wp-json\/wp\/v2\/posts\/23551\/revisions\/23553"}],"wp:featuredmedia":[{"embeddable":true,"href":"http:\/\/www.perupesquero.org\/web\/wp-json\/wp\/v2\/media\/23552"}],"wp:attachment":[{"href":"http:\/\/www.perupesquero.org\/web\/wp-json\/wp\/v2\/media?parent=23551"}],"wp:term":[{"taxonomy":"category","embeddable":true,"href":"http:\/\/www.perupesquero.org\/web\/wp-json\/wp\/v2\/categories?post=23551"},{"taxonomy":"post_tag","embeddable":true,"href":"http:\/\/www.perupesquero.org\/web\/wp-json\/wp\/v2\/tags?post=23551"}],"curies":[{"name":"wp","href":"https:\/\/api.w.org\/{rel}","templated":true}]}}