{"id":23544,"date":"2021-10-28T15:46:54","date_gmt":"2021-10-28T20:46:54","guid":{"rendered":"http:\/\/www.perupesquero.org\/web\/?p=23544"},"modified":"2021-10-28T15:46:55","modified_gmt":"2021-10-28T20:46:55","slug":"china-asume-nuevos-compromisos-medioambientales-previo-a-la-cop26","status":"publish","type":"post","link":"http:\/\/www.perupesquero.org\/web\/china-asume-nuevos-compromisos-medioambientales-previo-a-la-cop26\/","title":{"rendered":"China asume nuevos compromisos medioambientales previo a la COP26"},"content":{"rendered":"\n<p>La\u00a0<strong>Organizaci\u00f3n de las Naciones Unidas<\/strong>\u00a0(ONU) inform\u00f3 que jueves que China, primer emisor mundial de gases de efecto invernadero,\u00a0<strong>entreg\u00f3 oficialmente sus nuevos compromisos clim\u00e1ticos<\/strong>, a tres d\u00edas del\u00a0<strong><a rel=\"noreferrer noopener\" target=\"_blank\" href=\"https:\/\/www.elsoldemexico.com.mx\/mundo\/lideres-mundiales-discuten-el-rumbo-de-la-lucha-contra-el-cambio-climatico-en-la-cop26-7398949.html\">inicio de la COP26<\/a><\/strong>, conferencia crucial en la lucha contra el calentamiento global.<\/p>\n\n\n\n<p>Seg\u00fan la nueva &#8220;<strong>Contribuci\u00f3n Determinada a nivel Nacional (NDC)<\/strong>&#8220;, el gigante asi\u00e1tico se compromete a\u00a0<strong>alcanzar su pico de emisiones &#8220;antes de 2030&#8221; y conseguir la neutralidad carbono &#8220;antes de 2060&#8221;<\/strong>, en l\u00ednea con lo declarado por el presidente Xi Jinping.<\/p>\n\n\n\n<p>Estas nuevas contribuciones, presentadas en la web de la Convenci\u00f3n Marco de las Naciones Unidas sobre el Cambio Clim\u00e1tico (CMNUCC),\u00a0<strong>prev\u00e9n a su vez reducir la intensidad carbono (las emisiones de CO2 en relaci\u00f3n con el PIB) en m\u00e1s del 65%<\/strong>\u00a0con respecto a 2005.<\/p>\n\n\n\n<p>En su anterior NDC, China se compromet\u00eda a reducir su intensidad carbono entre el 60 y el 65%, hasta 2030, y conseguir su pico de carbono &#8220;en torno a 2030&#8221;.<\/p>\n\n\n\n<p>En su nueva contribuci\u00f3n, Pek\u00edn recuerda que los pa\u00edses desarrollados deben &#8220;<strong>asumir sus responsabilidades hist\u00f3ricas y segur liderando con claridad la reducci\u00f3n de emisiones<\/strong>&#8220;.<\/p>\n\n\n\n<p>China se compromete tambi\u00e9n a\u00a0<strong>aumentar el uso de combustibles que no vienen de fuentes f\u00f3siles<\/strong>\u00a0al 25% (era un 20% en la anterior NDC), aumentando sobre todo su &#8220;<strong>capacidad instalada de energ\u00eda solar<\/strong>\u00a0y e\u00f3lica a mil 200 millones de kw en 2030&#8243; y a\u00a0<strong>subir seis mil millones de metros c\u00fabicos su &#8220;reserva&#8221; forestal<\/strong>\u00a0respecto a 2005.<\/p>\n\n\n\n<p>El\u00a0<strong>Acuerdo de Par\u00eds<\/strong>, firmado en 2015, con la ambici\u00f3n de\u00a0<strong>mantener el calentamiento clim\u00e1tico por debajo de +2 \u00baC (idealmente en +1.5 \u00baC)<\/strong>\u00a0con respecto a la era preindustrial, los pa\u00edses firmantes deben entregar cada cinco a\u00f1os un NDC revisado al alza.<\/p>\n\n\n\n<h4 class=\"wp-block-heading\"><strong>Compromisos poco ambiciosos<\/strong><\/h4>\n\n\n\n<p>Por lo tanto, la nueva NDC de China, que emite m\u00e1s de un cuarto de los gases de efecto invernadero a nivel mundial,&nbsp;<strong>era muy esperada de cara a la COP26<\/strong>&nbsp;que comienza el domingo en Glasgow.<\/p>\n\n\n\n<p>A\u00fan m\u00e1s cuando la ONU lanzaba la se\u00f1al de alarma el lunes, ya que&nbsp;<strong>los compromisos presentados las \u00faltimas semanas nos dirigen hacia un calentamiento global &#8220;catastr\u00f3fico&#8221;<\/strong>, de +2.7 \u00baC.<\/p>\n\n\n\n<p>Pero para numerosos expertos, este anuncio de Pek\u00edn&nbsp;<strong>no es suficientemente ambicioso<\/strong>.<\/p>\n\n\n\n<p>Li Shuo, de Greenpeace China, considera que &#8220;siembra dudas sobre el esfuerzo clim\u00e1tico mundial. El pa\u00eds parece&nbsp;<strong>dudar a la hora de ponerse objetivos a corto plazo m\u00e1s importantes<\/strong>&nbsp;por la incertidumbre econ\u00f3mica interna, pero pierde la oportunidad de mostrar ambici\u00f3n.&nbsp;<strong>El mundo no puede permitirse que esta sea su \u00faltima palabra<\/strong>, Pek\u00edn debe elaborar planes para que haya un pico de emisiones antes de 2025&#8243;, escribi\u00f3 en Twitter.<\/p>\n\n\n\n<p>Para Lauri Myllyvirta, analista del Centro de Investigaciones y del Aire Puro (CREA), la nueva contribuci\u00f3n china refleja los compromisos del presidente Xi, pero &#8220;<strong>no aclara cu\u00e1l ser\u00e1 la trayectoria de emisiones de la pr\u00f3xima d\u00e9cada<\/strong>&#8220;.<\/p>\n\n\n\n<p>Fuente: AFP<\/p>\n","protected":false},"excerpt":{"rendered":"<p>La\u00a0Organizaci\u00f3n de las Naciones Unidas\u00a0(ONU) inform\u00f3 que jueves que China, primer emisor mundial de gases de efecto invernadero,\u00a0entreg\u00f3 oficialmente sus nuevos compromisos clim\u00e1ticos, a tres d\u00edas del\u00a0inicio de la COP26, conferencia crucial en la lucha contra el calentamiento global. Seg\u00fan la nueva &#8220;Contribuci\u00f3n Determinada a nivel Nacional (NDC)&#8220;, el gigante asi\u00e1tico se compromete a\u00a0alcanzar su [&hellip;]<\/p>\n","protected":false},"author":2,"featured_media":23545,"comment_status":"open","ping_status":"open","sticky":false,"template":"","format":"standard","meta":{"footnotes":""},"categories":[63],"tags":[],"class_list":["post-23544","post","type-post","status-publish","format-standard","has-post-thumbnail","hentry","category-noticias"],"_links":{"self":[{"href":"http:\/\/www.perupesquero.org\/web\/wp-json\/wp\/v2\/posts\/23544","targetHints":{"allow":["GET"]}}],"collection":[{"href":"http:\/\/www.perupesquero.org\/web\/wp-json\/wp\/v2\/posts"}],"about":[{"href":"http:\/\/www.perupesquero.org\/web\/wp-json\/wp\/v2\/types\/post"}],"author":[{"embeddable":true,"href":"http:\/\/www.perupesquero.org\/web\/wp-json\/wp\/v2\/users\/2"}],"replies":[{"embeddable":true,"href":"http:\/\/www.perupesquero.org\/web\/wp-json\/wp\/v2\/comments?post=23544"}],"version-history":[{"count":2,"href":"http:\/\/www.perupesquero.org\/web\/wp-json\/wp\/v2\/posts\/23544\/revisions"}],"predecessor-version":[{"id":23547,"href":"http:\/\/www.perupesquero.org\/web\/wp-json\/wp\/v2\/posts\/23544\/revisions\/23547"}],"wp:featuredmedia":[{"embeddable":true,"href":"http:\/\/www.perupesquero.org\/web\/wp-json\/wp\/v2\/media\/23545"}],"wp:attachment":[{"href":"http:\/\/www.perupesquero.org\/web\/wp-json\/wp\/v2\/media?parent=23544"}],"wp:term":[{"taxonomy":"category","embeddable":true,"href":"http:\/\/www.perupesquero.org\/web\/wp-json\/wp\/v2\/categories?post=23544"},{"taxonomy":"post_tag","embeddable":true,"href":"http:\/\/www.perupesquero.org\/web\/wp-json\/wp\/v2\/tags?post=23544"}],"curies":[{"name":"wp","href":"https:\/\/api.w.org\/{rel}","templated":true}]}}