{"id":23528,"date":"2021-10-28T15:13:20","date_gmt":"2021-10-28T20:13:20","guid":{"rendered":"http:\/\/www.perupesquero.org\/web\/?p=23528"},"modified":"2021-10-28T15:57:54","modified_gmt":"2021-10-28T20:57:54","slug":"fao-solicita-fondos-para-apoyar-a-mas-de-medio-millon-de-personas-en-guatemala-honduras-y-el-salvador-con-ayuda-humanitaria","status":"publish","type":"post","link":"http:\/\/www.perupesquero.org\/web\/fao-solicita-fondos-para-apoyar-a-mas-de-medio-millon-de-personas-en-guatemala-honduras-y-el-salvador-con-ayuda-humanitaria\/","title":{"rendered":"FAO solicita fondos para apoyar a m\u00e1s de medio mill\u00f3n de personas en Guatemala, Honduras y El Salvador"},"content":{"rendered":"\n<p>La Organizaci\u00f3n de las Naciones Unidas para la Alimentaci\u00f3n y la Agricultura (FAO) llam\u00f3 a movilizar US$ 37,7 millones para dar una respuesta inmediata a 507 mil personas en Guatemala, El Salvador y Honduras, quienes han visto su seguridad alimentaria seriamente afectada por eventos clim\u00e1ticos extremos y el impacto de la pandemia.&nbsp;<\/p>\n\n\n\n<p>Los fondos solicitados ser\u00e1n destinados a planes de respuesta humanitaria en los tres pa\u00edses, que buscan restaurar r\u00e1pidamente los medios de vida basados en la agricultura.&nbsp;<\/p>\n\n\n\n<p>Las intervenciones de la FAO buscar\u00e1n mejorar la resiliencia de los hogares afectados y como su capacidad de afrontar futuras crisis. Pondr\u00e1n \u00e9nfasis especial en comunidades ind\u00edgenas, mujeres, ni\u00f1as, ni\u00f1os y adolescentes, desplazados internos y personas con discapacidad.&nbsp;<\/p>\n\n\n\n<p>\u201cBuscamos diversificar la producci\u00f3n, mejorar las infraestructuras productivas, implementar buenas pr\u00e1cticas agr\u00edcolas, restaurar los suelos, y brindar asistencia t\u00e9cnica y capacitaci\u00f3n a los gobiernos locales y nacionales\u201d, dijo el Coordinador subregional de la FAO para Mesoam\u00e9rica, Adoniram Sanches.&nbsp;<\/p>\n\n\n\n<p>Adicionalmente, la FAO propone dar un mejor seguimiento a los indicadores de seguridad alimentaria para que los gobiernos sepan m\u00e1s sobre el n\u00famero de personas en riesgo de inseguridad alimentaria y sus tendencias, lo que permite orientar la toma de las decisiones oportunas.&nbsp;<\/p>\n\n\n\n<p>Las intervenciones que propone la FAO para los planes de respuesta fueron hechos en base a la realidad expuesta por el&nbsp;<a href=\"https:\/\/reliefweb.int\/sites\/reliefweb.int\/files\/resources\/El%20Salvador%2C%20Guatemala%20y%20Honduras%20-%20Panorama%20de%20Necesidades%20Humanitarias%20%28Ciclo%20del%20Programa%20Humanitario%202021%2C%20Julio%202021%29.pdf\" target=\"_blank\" rel=\"noreferrer noopener\">Panorama de Necesidades Humanitarias Regional<\/a>&nbsp;elaborado por la Oficina de Naciones Unidas para la Coordinaci\u00f3n de Asuntos Humanitarios (OCHA, por sus siglas en ingl\u00e9s).&nbsp;<\/p>\n\n\n\n<p>Guatemala&nbsp;<\/p>\n\n\n\n<p>En&nbsp;<a href=\"https:\/\/www.fao.org\/emergencies\/appeals\/detail\/en\/c\/1441404\/\" target=\"_blank\" rel=\"noreferrer noopener\">Guatemala<\/a>, el componente de FAO del Plan de Respuesta Humanitaria beneficiar\u00eda a 286 mil personas, y requiere m\u00e1s de US$ 1,5 millones para el 2021, y casi US$ 15 millones para el 2022.&nbsp;<\/p>\n\n\n\n<p>Durante la \u00faltima d\u00e9cada, Guatemala enfrent\u00f3 un aumento considerable en la recurrencia y la magnitud de desastres y crisis humanitarias. La inseguridad alimentaria no solo afecta a los hogares vulnerables en el Corredor Seco sino tambi\u00e9n familias pobres en la sierra centro-occidental, particularmente a las comunidades ind\u00edgenas dedicadas a la subsistencia agricultura y a los jornaleros.&nbsp;&nbsp;<\/p>\n\n\n\n<p>A esto se suman, que los flujos migratorios tambi\u00e9n est\u00e1n desencadenando un aumento de las necesidades humanitarias, tanto dentro del pa\u00eds como a lo largo del corredor migratorio Guatemala-M\u00e9xico y en la frontera sur de los Estados Unidos de Am\u00e9rica.&nbsp;<\/p>\n\n\n\n<p>Entre otras acciones, en este pa\u00eds se tienen prevista la formaci\u00f3n de autoridades locales, personal del Ministerio de Agricultura, gobiernos municipales, la Secretar\u00eda de Seguridad Alimentaria y Nutricional, el Coordinador Nacional para la Reducci\u00f3n del Riesgo de Desastres, y de organizaciones no gubernamentales nacionales e internacionales, a fin de mejorar la gesti\u00f3n futura de las crisis.&nbsp;<\/p>\n\n\n\n<p>El Salvador&nbsp;<\/p>\n\n\n\n<p>En&nbsp;<a href=\"https:\/\/www.fao.org\/emergencies\/appeals\/detail\/en\/c\/1441403\/\" target=\"_blank\" rel=\"noreferrer noopener\">El Salvador<\/a>&nbsp;la pandemia del COVID-19, las tormentas tropicales Amanda y Crist\u00f3bal y los huracanes Eta e Iota impactaron significativamente a las poblaciones vulnerables, agravando las necesidades existentes. El componente de FAO del Plan de Respuesta Humanitaria plantea llegar a casi 61 mil personas, con un presupuesto de US$ 5 millones para el 2021, y US$ 4,2 millones para el 2022.&nbsp;<\/p>\n\n\n\n<p>Este plan considera brindar insumos para la producci\u00f3n de hortalizas de ciclo corto, procesos de formaci\u00f3n y la mejora de la infraestructura productiva y de almacenamiento de agua.&nbsp;&nbsp;<\/p>\n\n\n\n<p>Honduras&nbsp;&nbsp;<\/p>\n\n\n\n<p>En&nbsp;<a href=\"https:\/\/www.fao.org\/emergencies\/appeals\/detail\/en\/c\/1441402\/\" target=\"_blank\" rel=\"noreferrer noopener\">Honduras<\/a>&nbsp;el impacto de la pandemia por COVID-19 afect\u00f3 a los sistemas alimentarios, lo cual ha llevado a una reducci\u00f3n del poder adquisitivo de los hogares que no pueden cubrir sus necesidades b\u00e1sicas. Los huracanes Eta e Iota del 2020 exacerbaron la situaci\u00f3n actual de crisis multidimensional en el pa\u00eds, erosionando a\u00fan m\u00e1s la resiliencia de la poblaci\u00f3n, y afectando significativamente sus econom\u00edas locales.&nbsp;&nbsp;<\/p>\n\n\n\n<p>El componente de FAO del Plan de Respuesta Humanitaria de este pa\u00eds podr\u00eda beneficiar a 160 mil personas y requiere US$ 3,5 millones para el 2021 y US$ 8,5 millones para el 2022, destinados a la capacitaci\u00f3n coordinaci\u00f3n con actores y l\u00edderes clave, la rehabilitaci\u00f3n de infraestructura productiva da\u00f1ada por los huracanes, el suministro de kits de sistemas de micro irrigaci\u00f3n a 3 200 hogares, el apoyo a 9 600 hogares para establecer bancos de semillas comunitarias, y la capacitaci\u00f3n de 32 000 jefas y jefes de hogar en mitigaci\u00f3n de riesgos.<\/p>\n","protected":false},"excerpt":{"rendered":"<p>La Organizaci\u00f3n de las Naciones Unidas para la Alimentaci\u00f3n y la Agricultura (FAO) llam\u00f3 a movilizar US$ 37,7 millones para dar una respuesta inmediata a 507 mil personas en Guatemala, El Salvador y Honduras, quienes han visto su seguridad alimentaria seriamente afectada por eventos clim\u00e1ticos extremos y el impacto de la pandemia.&nbsp; Los fondos solicitados [&hellip;]<\/p>\n","protected":false},"author":2,"featured_media":23529,"comment_status":"open","ping_status":"open","sticky":false,"template":"","format":"standard","meta":{"footnotes":""},"categories":[63],"tags":[],"class_list":["post-23528","post","type-post","status-publish","format-standard","has-post-thumbnail","hentry","category-noticias"],"_links":{"self":[{"href":"http:\/\/www.perupesquero.org\/web\/wp-json\/wp\/v2\/posts\/23528","targetHints":{"allow":["GET"]}}],"collection":[{"href":"http:\/\/www.perupesquero.org\/web\/wp-json\/wp\/v2\/posts"}],"about":[{"href":"http:\/\/www.perupesquero.org\/web\/wp-json\/wp\/v2\/types\/post"}],"author":[{"embeddable":true,"href":"http:\/\/www.perupesquero.org\/web\/wp-json\/wp\/v2\/users\/2"}],"replies":[{"embeddable":true,"href":"http:\/\/www.perupesquero.org\/web\/wp-json\/wp\/v2\/comments?post=23528"}],"version-history":[{"count":3,"href":"http:\/\/www.perupesquero.org\/web\/wp-json\/wp\/v2\/posts\/23528\/revisions"}],"predecessor-version":[{"id":23550,"href":"http:\/\/www.perupesquero.org\/web\/wp-json\/wp\/v2\/posts\/23528\/revisions\/23550"}],"wp:featuredmedia":[{"embeddable":true,"href":"http:\/\/www.perupesquero.org\/web\/wp-json\/wp\/v2\/media\/23529"}],"wp:attachment":[{"href":"http:\/\/www.perupesquero.org\/web\/wp-json\/wp\/v2\/media?parent=23528"}],"wp:term":[{"taxonomy":"category","embeddable":true,"href":"http:\/\/www.perupesquero.org\/web\/wp-json\/wp\/v2\/categories?post=23528"},{"taxonomy":"post_tag","embeddable":true,"href":"http:\/\/www.perupesquero.org\/web\/wp-json\/wp\/v2\/tags?post=23528"}],"curies":[{"name":"wp","href":"https:\/\/api.w.org\/{rel}","templated":true}]}}