{"id":23507,"date":"2021-10-27T11:05:46","date_gmt":"2021-10-27T16:05:46","guid":{"rendered":"http:\/\/www.perupesquero.org\/web\/?p=23507"},"modified":"2021-10-27T11:05:47","modified_gmt":"2021-10-27T16:05:47","slug":"produce-36-000-mype-se-beneficiaran-con-s-4000-millones-en-compras-del-estado-hasta-el-2026","status":"publish","type":"post","link":"http:\/\/www.perupesquero.org\/web\/produce-36-000-mype-se-beneficiaran-con-s-4000-millones-en-compras-del-estado-hasta-el-2026\/","title":{"rendered":"Produce: 36 000 MYPE se beneficiar\u00e1n con S\/ 4000 millones en compras del Estado hasta el 2026"},"content":{"rendered":"\n<p>El Ministerio de la Producci\u00f3n (Produce) atender\u00e1 las demandas de 18 entidades del Gobierno Central y m\u00e1s de 50% de los gobiernos regionales mediante el programa nacional Compras a MYPEr\u00fa, lo que beneficiar\u00e1 a 36 mil manufactureras con la adquisici\u00f3n de m\u00e1s de S\/ 4000 millones en bienes hasta el 2026, generando alrededor de 320 000 puestos de trabajo directos y formales.<\/p>\n\n\n\n<p>As\u00ed lo inform\u00f3 el ministro de la Producci\u00f3n, Jos\u00e9 Rogger Incio, quien adem\u00e1s indic\u00f3 que cada a\u00f1o se conformar\u00e1 un n\u00facleo ejecutor de compra (NEC) para canalizar las compras de bienes demandados por las diferentes entidades p\u00fablicas.<\/p>\n\n\n\n<p>Asimismo, coment\u00f3 que con el fondo MIPYME Emprendedor se cofinanciar\u00e1 proyectos enfocados en adopci\u00f3n tecnol\u00f3gica, mejora de calidad y reorientaci\u00f3n productiva por m\u00e1s de S\/ 120 millones.<\/p>\n\n\n\n<p>\u201cAl culminar el gobierno estimamos formalizar a m\u00e1s de 1,030,000 MYPE, y as\u00ed reducir en 60% el total de unidades de negocio informales\u201d, refiri\u00f3 el titular de Produce sobre el programa Tu Empresa.<\/p>\n\n\n\n<p>Sin descuidar a los emprendedores, remarc\u00f3 que se han creado los grupos de trabajo multisectorial, de naturaleza temporal, denominados \u201cMesa T\u00e9cnica para implementar medidas de soluci\u00f3n a la problem\u00e1tica del comercio en el Conglomerado de Gamarra y Mesa Redonda\u201d.<\/p>\n\n\n\n<p>Adem\u00e1s, asegur\u00f3 que durante el \u00faltimo trimestre de este a\u00f1o se planea adjudicar proyectos de asociaciones p\u00fablico privadas y proyectos en activos por US$ 871 millones, que incluyen la planta de tratamiento de aguas residuales en Puerto Maldonado y el Parque Industrial de Anc\u00f3n. &nbsp;<\/p>\n\n\n\n<p>En concordancia con la premier Mirtha V\u00e1squez, quien expuso ante el Congreso de la Rep\u00fablica por el voto de confianza, el ministro de la Producci\u00f3n refiri\u00f3 que a julio del 2022, mediante la formalizaci\u00f3n de la flota pesquera artesanal, se favorecer\u00e1 a, aproximadamente, m\u00e1s de 90 mil hombres y mujeres de mar.<\/p>\n\n\n\n<p>Finalmente, en materia acu\u00edcola, a julio del 2026, acot\u00f3 que se habr\u00e1 formalizado 3950 unidades productivas en beneficio de m\u00e1s de 15 000 acuicultores reduciendo a 27 % la brecha de la informalidad en el sector.<\/p>\n\n\n\n<p>Nota de prensa: Ministerio de la Producci\u00f3n<\/p>\n","protected":false},"excerpt":{"rendered":"<p>El Ministerio de la Producci\u00f3n (Produce) atender\u00e1 las demandas de 18 entidades del Gobierno Central y m\u00e1s de 50% de los gobiernos regionales mediante el programa nacional Compras a MYPEr\u00fa, lo que beneficiar\u00e1 a 36 mil manufactureras con la adquisici\u00f3n de m\u00e1s de S\/ 4000 millones en bienes hasta el 2026, generando alrededor de 320 [&hellip;]<\/p>\n","protected":false},"author":2,"featured_media":23508,"comment_status":"open","ping_status":"open","sticky":false,"template":"","format":"standard","meta":{"footnotes":""},"categories":[63],"tags":[],"class_list":["post-23507","post","type-post","status-publish","format-standard","has-post-thumbnail","hentry","category-noticias"],"_links":{"self":[{"href":"http:\/\/www.perupesquero.org\/web\/wp-json\/wp\/v2\/posts\/23507","targetHints":{"allow":["GET"]}}],"collection":[{"href":"http:\/\/www.perupesquero.org\/web\/wp-json\/wp\/v2\/posts"}],"about":[{"href":"http:\/\/www.perupesquero.org\/web\/wp-json\/wp\/v2\/types\/post"}],"author":[{"embeddable":true,"href":"http:\/\/www.perupesquero.org\/web\/wp-json\/wp\/v2\/users\/2"}],"replies":[{"embeddable":true,"href":"http:\/\/www.perupesquero.org\/web\/wp-json\/wp\/v2\/comments?post=23507"}],"version-history":[{"count":1,"href":"http:\/\/www.perupesquero.org\/web\/wp-json\/wp\/v2\/posts\/23507\/revisions"}],"predecessor-version":[{"id":23509,"href":"http:\/\/www.perupesquero.org\/web\/wp-json\/wp\/v2\/posts\/23507\/revisions\/23509"}],"wp:featuredmedia":[{"embeddable":true,"href":"http:\/\/www.perupesquero.org\/web\/wp-json\/wp\/v2\/media\/23508"}],"wp:attachment":[{"href":"http:\/\/www.perupesquero.org\/web\/wp-json\/wp\/v2\/media?parent=23507"}],"wp:term":[{"taxonomy":"category","embeddable":true,"href":"http:\/\/www.perupesquero.org\/web\/wp-json\/wp\/v2\/categories?post=23507"},{"taxonomy":"post_tag","embeddable":true,"href":"http:\/\/www.perupesquero.org\/web\/wp-json\/wp\/v2\/tags?post=23507"}],"curies":[{"name":"wp","href":"https:\/\/api.w.org\/{rel}","templated":true}]}}