{"id":23477,"date":"2021-10-25T17:11:16","date_gmt":"2021-10-25T22:11:16","guid":{"rendered":"http:\/\/www.perupesquero.org\/web\/?p=23477"},"modified":"2021-10-25T17:20:43","modified_gmt":"2021-10-25T22:20:43","slug":"peru-presidente-castillo-plantea-fortalecer-la-pesca-acuicultura-y-el-agro-pilares-de-la-economia-nacional","status":"publish","type":"post","link":"http:\/\/www.perupesquero.org\/web\/peru-presidente-castillo-plantea-fortalecer-la-pesca-acuicultura-y-el-agro-pilares-de-la-economia-nacional\/","title":{"rendered":"Per\u00fa: Presidente Castillo plantea fortalecer la pesca, acuicultura y el agro"},"content":{"rendered":"\n<p>La presidenta del Consejo de Ministros, Mirtha V\u00e1squez, se\u00f1al\u00f3 hoy que el Gobierno del Per\u00fa se centrar\u00e1 en el fortalecimiento de las cadenas productivas, tales como la pesca, acuicultura y las agr\u00edcolas.<\/p>\n\n\n\n<p>Proyect\u00f3 que al mes de julio del 2022 gran parte de la flota pesquera artesanal estar\u00e1 formalizada, lo cual beneficiar\u00e1 aproximadamente a m\u00e1s de 90,000 pescadores artesanales y a sus familias.<\/p>\n\n\n\n<p>Durante su presentaci\u00f3n en el Congreso de la Rep\u00fablica detall\u00f3 que en materia acu\u00edcola, a julio del 2026 se habr\u00e1n formalizado 3,950 unidades productivas, beneficiado a m\u00e1s de 15,000 acuicultores.&nbsp;<\/p>\n\n\n\n<p>\u201cCon ello se reducir\u00e1 a 27% la brecha de la informalidad en el sector acuicultura\u201d, enfatiz\u00f3.&nbsp;<\/p>\n\n\n\n<p>Adem\u00e1s dijo que mediante la Ventanilla \u00danica de Acuicultura, a julio del 2026 se espera atender 5,000 solicitudes de acceso a la actividad de acuicultura a nivel nacional.&nbsp;<\/p>\n\n\n\n<p>Cadenas productivas agr\u00edcolas&nbsp;<\/p>\n\n\n\n<p>Destac\u00f3 que como Estado articulador, garante de financiamiento y prestador de asistencia t\u00e9cnica, se trabajar\u00e1 junto a los peque\u00f1os productores de la sierra y selva y las empresas modernas exportadoras.&nbsp;<\/p>\n\n\n\n<p>\u201cEl objetivo es lograr, en los pr\u00f3ximos cinco a\u00f1os, incrementar como m\u00ednimo en 50%, la producci\u00f3n de palta, aguaymanto, ki\u00f3n, camu camu, yac\u00f3n, caf\u00e9s de especialidad, cacao, quinua, banano org\u00e1nico, mango, esp\u00e1rragos, cebolla blanca, alcachofa, adem\u00e1s de los recursos pesqueros como: la trucha, paiche, concha de abanico, entre otros\u201d, manifesto.&nbsp;&nbsp;<\/p>\n\n\n\n<p>En ese sentido, proyect\u00f3 que el gobierno de Castillo concluir\u00e1 la implementaci\u00f3n de 32 Centros de Innovaci\u00f3n Productiva y Transferencia Tecnol\u00f3gica &#8211; Cite p\u00fablicos-, con una inversi\u00f3n de 305.7 millones de soles.&nbsp;&nbsp;<\/p>\n\n\n\n<p>Resalt\u00f3 que se implementar\u00e1 el Modelo de Articulaci\u00f3n Productiva en las regiones, el cual, a trav\u00e9s de la Red CITE, permitir\u00e1 a los peque\u00f1os productores incrementar su productividad e insertarse en cadenas de mayor valor y rentabilidad.\u00a0<\/p>\n\n\n\n<p>Fuente: Consejo de Ministros del Per\u00fa<\/p>\n","protected":false},"excerpt":{"rendered":"<p>La presidenta del Consejo de Ministros, Mirtha V\u00e1squez, se\u00f1al\u00f3 hoy que el Gobierno del Per\u00fa se centrar\u00e1 en el fortalecimiento de las cadenas productivas, tales como la pesca, acuicultura y las agr\u00edcolas. Proyect\u00f3 que al mes de julio del 2022 gran parte de la flota pesquera artesanal estar\u00e1 formalizada, lo cual beneficiar\u00e1 aproximadamente a m\u00e1s [&hellip;]<\/p>\n","protected":false},"author":2,"featured_media":23478,"comment_status":"open","ping_status":"open","sticky":false,"template":"","format":"standard","meta":{"footnotes":""},"categories":[63],"tags":[],"class_list":["post-23477","post","type-post","status-publish","format-standard","has-post-thumbnail","hentry","category-noticias"],"_links":{"self":[{"href":"http:\/\/www.perupesquero.org\/web\/wp-json\/wp\/v2\/posts\/23477","targetHints":{"allow":["GET"]}}],"collection":[{"href":"http:\/\/www.perupesquero.org\/web\/wp-json\/wp\/v2\/posts"}],"about":[{"href":"http:\/\/www.perupesquero.org\/web\/wp-json\/wp\/v2\/types\/post"}],"author":[{"embeddable":true,"href":"http:\/\/www.perupesquero.org\/web\/wp-json\/wp\/v2\/users\/2"}],"replies":[{"embeddable":true,"href":"http:\/\/www.perupesquero.org\/web\/wp-json\/wp\/v2\/comments?post=23477"}],"version-history":[{"count":4,"href":"http:\/\/www.perupesquero.org\/web\/wp-json\/wp\/v2\/posts\/23477\/revisions"}],"predecessor-version":[{"id":23485,"href":"http:\/\/www.perupesquero.org\/web\/wp-json\/wp\/v2\/posts\/23477\/revisions\/23485"}],"wp:featuredmedia":[{"embeddable":true,"href":"http:\/\/www.perupesquero.org\/web\/wp-json\/wp\/v2\/media\/23478"}],"wp:attachment":[{"href":"http:\/\/www.perupesquero.org\/web\/wp-json\/wp\/v2\/media?parent=23477"}],"wp:term":[{"taxonomy":"category","embeddable":true,"href":"http:\/\/www.perupesquero.org\/web\/wp-json\/wp\/v2\/categories?post=23477"},{"taxonomy":"post_tag","embeddable":true,"href":"http:\/\/www.perupesquero.org\/web\/wp-json\/wp\/v2\/tags?post=23477"}],"curies":[{"name":"wp","href":"https:\/\/api.w.org\/{rel}","templated":true}]}}