{"id":23441,"date":"2021-10-21T16:04:15","date_gmt":"2021-10-21T21:04:15","guid":{"rendered":"http:\/\/www.perupesquero.org\/web\/?p=23441"},"modified":"2021-10-21T16:06:41","modified_gmt":"2021-10-21T21:06:41","slug":"minan-adquiere-modernas-embarcaciones-para-fortalecer-la-proteccion-y-conservacion-de-areas-naturales-marino-costeras","status":"publish","type":"post","link":"http:\/\/www.perupesquero.org\/web\/minan-adquiere-modernas-embarcaciones-para-fortalecer-la-proteccion-y-conservacion-de-areas-naturales-marino-costeras\/","title":{"rendered":"Minan adquiere modernas embarcaciones  para fortalecer la protecci\u00f3n y conservaci\u00f3n de \u00e1reas naturales marino costeras"},"content":{"rendered":"\n<p>Dos modernas embarcaciones adquiridas por el Ministerio del Ambiente (Minam), que ser\u00e1n utilizadas para actividades de protecci\u00f3n y conservaci\u00f3n de la Reserva Nacional Sistema de Islas, Islotes y Puntas Guaneras y de la Reserva Nacional San Fernando, fueron presentadas esta ma\u00f1ana por el titular de dicho sector, Rub\u00e9n Ram\u00edrez, en el puerto del Callao.<\/p>\n\n\n\n<p> Durante el acto, el ministro Ram\u00edrez Mateo, dijo que la incorporaci\u00f3n de las embarcaciones permitir\u00e1 vigilar las \u00e1reas naturales protegidas frente al ingreso ilegal de naves, pero tambi\u00e9n impactar\u00e1n positivamente en la ciencia y en la educaci\u00f3n ambiental. \u201cEstas naves son de fabricaci\u00f3n nacional y multiprop\u00f3sito, y cuentan con lo \u00faltimo en tecnolog\u00eda. Son capaces de detectar embarcaciones en alta mar, ya que cuentan con un sofisticado radar\u201d, subray\u00f3. <\/p>\n\n\n\n<p> A\u00f1adi\u00f3 que las mismas cumplen con acciones de monitoreo y vigilancia de las \u00e1reas marino costeras mencionadas anteriormente y que podr\u00e1n desplazase a la Reserva Nacional Dorsal de Nasca, que es el \u00e1rea protegida cien por ciento mar\u00edtima m\u00e1s grande del Per\u00fa. En tal sentido, resalt\u00f3 el aporte de las naves en el recojo y registro de evidencias cient\u00edficas sobre el fondo marino. <\/p>\n\n\n\n<p> Las embarcaciones, adquiridas con el apoyo del Banco de Desarrollo de Alemania (KFW), contribuir\u00e1n con actividades de investigaci\u00f3n, promoviendo el conocimiento del fondo marino y facilitando la demarcaci\u00f3n de rutas para la implementaci\u00f3n de nuevos destinos tur\u00edsticos y culturales. <\/p>\n\n\n\n<p> Asimismo, permitir\u00e1n realizar acciones de respuesta r\u00e1pida, pues su velocidad puede llegar hasta los 30 nudos; y est\u00e1n dotadas de dispositivos de alta tecnolog\u00eda, como sus dos motores ecol\u00f3gicos y el sistema de identificaci\u00f3n autom\u00e1tica que advierte la presencia y caracter\u00edsticas de otra embarcaci\u00f3n (sistema AIS), lo que brinda seguridad a los tripulantes.<\/p>\n\n\n\n<p> <br><strong>Dato:<\/strong>&#8211; En dicha actividad se cont\u00f3 con la presencia del embajador de Alemania en el Per\u00fa, Stefan Andreas; y el gobernador regional del Callao, Dante Mandriotti; y el jefe del Sernanp, Pedro Gamboa, entre otras autoridades. <\/p>\n\n\n\n<p>Fuente: Minan<\/p>\n","protected":false},"excerpt":{"rendered":"<p>Dos modernas embarcaciones adquiridas por el Ministerio del Ambiente (Minam), que ser\u00e1n utilizadas para actividades de protecci\u00f3n y conservaci\u00f3n de la Reserva Nacional Sistema de Islas, Islotes y Puntas Guaneras y de la Reserva Nacional San Fernando, fueron presentadas esta ma\u00f1ana por el titular de dicho sector, Rub\u00e9n Ram\u00edrez, en el puerto del Callao. Durante [&hellip;]<\/p>\n","protected":false},"author":2,"featured_media":23442,"comment_status":"open","ping_status":"open","sticky":false,"template":"","format":"standard","meta":{"footnotes":""},"categories":[63],"tags":[],"class_list":["post-23441","post","type-post","status-publish","format-standard","has-post-thumbnail","hentry","category-noticias"],"_links":{"self":[{"href":"http:\/\/www.perupesquero.org\/web\/wp-json\/wp\/v2\/posts\/23441","targetHints":{"allow":["GET"]}}],"collection":[{"href":"http:\/\/www.perupesquero.org\/web\/wp-json\/wp\/v2\/posts"}],"about":[{"href":"http:\/\/www.perupesquero.org\/web\/wp-json\/wp\/v2\/types\/post"}],"author":[{"embeddable":true,"href":"http:\/\/www.perupesquero.org\/web\/wp-json\/wp\/v2\/users\/2"}],"replies":[{"embeddable":true,"href":"http:\/\/www.perupesquero.org\/web\/wp-json\/wp\/v2\/comments?post=23441"}],"version-history":[{"count":3,"href":"http:\/\/www.perupesquero.org\/web\/wp-json\/wp\/v2\/posts\/23441\/revisions"}],"predecessor-version":[{"id":23446,"href":"http:\/\/www.perupesquero.org\/web\/wp-json\/wp\/v2\/posts\/23441\/revisions\/23446"}],"wp:featuredmedia":[{"embeddable":true,"href":"http:\/\/www.perupesquero.org\/web\/wp-json\/wp\/v2\/media\/23442"}],"wp:attachment":[{"href":"http:\/\/www.perupesquero.org\/web\/wp-json\/wp\/v2\/media?parent=23441"}],"wp:term":[{"taxonomy":"category","embeddable":true,"href":"http:\/\/www.perupesquero.org\/web\/wp-json\/wp\/v2\/categories?post=23441"},{"taxonomy":"post_tag","embeddable":true,"href":"http:\/\/www.perupesquero.org\/web\/wp-json\/wp\/v2\/tags?post=23441"}],"curies":[{"name":"wp","href":"https:\/\/api.w.org\/{rel}","templated":true}]}}