{"id":23422,"date":"2021-10-19T15:10:58","date_gmt":"2021-10-19T20:10:58","guid":{"rendered":"http:\/\/www.perupesquero.org\/web\/?p=23422"},"modified":"2021-10-19T15:11:58","modified_gmt":"2021-10-19T20:11:58","slug":"espana-consigue-la-presidencia-del-comite-mundial-de-seguridad-alimentaria-de-la-onu","status":"publish","type":"post","link":"http:\/\/www.perupesquero.org\/web\/espana-consigue-la-presidencia-del-comite-mundial-de-seguridad-alimentaria-de-la-onu\/","title":{"rendered":"Espa\u00f1a consigue la presidencia del Comit\u00e9 Mundial de Seguridad Alimentaria de la ONU"},"content":{"rendered":"\n<p>El candidato espa\u00f1ol\u00a0<strong>Gabriel Ferrero<\/strong>\u00a0ha sido elegido nuevo presidente del\u00a0<strong>Comit\u00e9 de Seguridad Alimentaria Mundial<\/strong>\u00a0(CSA) de\u00a0<a href=\"https:\/\/www.lavozdegalicia.es\/temas\/naciones-unidas\"><strong>Naciones Unida<\/strong>s<\/a>. La designaci\u00f3n del que hasta ahora\u00a0desempe\u00f1aba funciones de embajador de Espa\u00f1a en Misi\u00f3n Especial para la Seguridad Alimentaria se ha producido en el transcurso de la 49 reuni\u00f3n del CSA y su propuesta ha sido respaldada por 73 votos, imponi\u00e9ndose a la del\u00a0representante camerun\u00e9s M\u00e9di Moungui, que sum\u00f3\u00a048 apoyos, inform\u00f3 el\u00a0Ministerio de Agricultura y Pesca en un comunicado.<\/p>\n\n\n\n<p>El Comit\u00e9 de Seguridad Alimentaria Mundial, que tiene su sede en Roma, es una plataforma internacional e intergubernamental creada en 1974 que tiene como objetivo la cooperaci\u00f3n para eliminar el hambre y a garantizar la seguridad alimentaria y la nutrici\u00f3n para el mundo. Este Comit\u00e9 lo conforman los pa\u00edses miembros de las Naciones Unidas, as\u00ed como los organismos y \u00f3rganos de esta que tratan los temas de seguridad alimentaria y nutrici\u00f3n.<\/p>\n\n\n\n<p>La candidatura espa\u00f1ola a la presidencia del CSA se anunci\u00f3 el pasado mes de junio durante la&nbsp;<strong>Conferencia de la FAO<\/strong>&nbsp;(Organizaci\u00f3n de las Naciones Unidas para la Alimentaci\u00f3n y la Agricultura), as\u00ed como en foros tales como la IV Conferencia Ministerial de Agricultura de la&nbsp;<a href=\"https:\/\/www.lavozdegalicia.es\/temas\/union-europea\">Uni\u00f3n Europea<\/a>&nbsp;y la Uni\u00f3n Africana, o en la reuni\u00f3n informal de ministros de Desarrollo de la Uni\u00f3n Europea. Asimismo, la propuesta de Espa\u00f1a a la presidencia del CSA fue puesta en valor por el presidente del Gobierno en su intervenci\u00f3n el 23 de septiembre en la Cumbre de Sistemas Alimentarios en Nueva York.<\/p>\n\n\n\n<p>Gabriel Ferrero ha contado con el apoyo un\u00e1nime de la Uni\u00f3n Europea (UE), manifestado en el Consejo de Ministros de Agricultura y Pesca en su reuni\u00f3n del 11 de octubre pasado, as\u00ed como por el conjunto del Grupo Regional Europeo en el seno de la FAO.<\/p>\n\n\n\n<p>\u00abEspa\u00f1a ha estado siempre firmemente comprometida con la eliminaci\u00f3n de la pobreza y el hambre a nivel mundial, un pilar b\u00e1sico de su pol\u00edtica para el desarrollo en el marco de su Estrategia de Acci\u00f3n Exterior. Hoy, la lucha contra el hambre y la malnutrici\u00f3n permanecen como prioridad en nuestra agenda pol\u00edtica. Por ello, nuestro gobierno ha sido y continuar\u00e1 siendo un socio comprometido con la FAO, en particular con su Comit\u00e9 de Seguridad Alimentaria Mundial, cuya finalidad \u00faltima es poner fin al hambre y lograr la seguridad alimentaria para todos\u00bb, recoge el comunicado del ministerio<\/p>\n\n\n\n<p>En su programa, Gabriel Ferrero propone como objetivo de su mandado convertir el CSA en el \u00f3rgano principal de trabajo para alcanzar el&nbsp;<strong>Objetivo de Desarrollo Sostenibl<\/strong>e (ODS) n\u00famero 2 (Hambre cero) de la Agenda 2030 de Naciones Unidas, adem\u00e1s de desarrollar su capacidad como plataforma de enlace intergubernamental, en la que se intercambien experiencias, se eval\u00faen los progresos realizados y se genere consenso a escala global.<\/p>\n\n\n\n<p>El nuevo presidente de la CSA ha destacado la importancia de transformar los sistemas alimentarios para contribuir a la erradicaci\u00f3n de la pobreza, la lucha contra el cambio clim\u00e1tico, la desertificaci\u00f3n y la conservaci\u00f3n de la biodiversidad.<\/p>\n\n\n\n<p>El nuevo presidente del Comit\u00e9 Mundial de Seguridad Alimentaria, elegido para un mandado de dos a\u00f1os, ha sido anteriormente director general de Pol\u00edticas de Desarrollo Sostenible del\u00a0<a href=\"https:\/\/www.lavozdegalicia.es\/temas\/ministerio-de-asuntos-exteriores-union-europea-y-cooperacion\">Ministerio de Asuntos Exteriores, Uni\u00f3n Europea y Cooperaci\u00f3n<\/a>, y ha desempe\u00f1ado distintas funciones en la Oficina Ejecutiva del Secretario General de las Naciones Unidas y en la Universidad Polit\u00e9cnica de\u00a0<a href=\"https:\/\/www.lavozdegalicia.es\/temas\/valencia\">Valencia<\/a>.<\/p>\n\n\n\n<p>Fuente: La Voz de Galicia<\/p>\n","protected":false},"excerpt":{"rendered":"<p>El candidato espa\u00f1ol\u00a0Gabriel Ferrero\u00a0ha sido elegido nuevo presidente del\u00a0Comit\u00e9 de Seguridad Alimentaria Mundial\u00a0(CSA) de\u00a0Naciones Unidas. La designaci\u00f3n del que hasta ahora\u00a0desempe\u00f1aba funciones de embajador de Espa\u00f1a en Misi\u00f3n Especial para la Seguridad Alimentaria se ha producido en el transcurso de la 49 reuni\u00f3n del CSA y su propuesta ha sido respaldada por 73 votos, imponi\u00e9ndose [&hellip;]<\/p>\n","protected":false},"author":2,"featured_media":23423,"comment_status":"open","ping_status":"open","sticky":false,"template":"","format":"standard","meta":{"footnotes":""},"categories":[63],"tags":[],"class_list":["post-23422","post","type-post","status-publish","format-standard","has-post-thumbnail","hentry","category-noticias"],"_links":{"self":[{"href":"http:\/\/www.perupesquero.org\/web\/wp-json\/wp\/v2\/posts\/23422","targetHints":{"allow":["GET"]}}],"collection":[{"href":"http:\/\/www.perupesquero.org\/web\/wp-json\/wp\/v2\/posts"}],"about":[{"href":"http:\/\/www.perupesquero.org\/web\/wp-json\/wp\/v2\/types\/post"}],"author":[{"embeddable":true,"href":"http:\/\/www.perupesquero.org\/web\/wp-json\/wp\/v2\/users\/2"}],"replies":[{"embeddable":true,"href":"http:\/\/www.perupesquero.org\/web\/wp-json\/wp\/v2\/comments?post=23422"}],"version-history":[{"count":1,"href":"http:\/\/www.perupesquero.org\/web\/wp-json\/wp\/v2\/posts\/23422\/revisions"}],"predecessor-version":[{"id":23424,"href":"http:\/\/www.perupesquero.org\/web\/wp-json\/wp\/v2\/posts\/23422\/revisions\/23424"}],"wp:featuredmedia":[{"embeddable":true,"href":"http:\/\/www.perupesquero.org\/web\/wp-json\/wp\/v2\/media\/23423"}],"wp:attachment":[{"href":"http:\/\/www.perupesquero.org\/web\/wp-json\/wp\/v2\/media?parent=23422"}],"wp:term":[{"taxonomy":"category","embeddable":true,"href":"http:\/\/www.perupesquero.org\/web\/wp-json\/wp\/v2\/categories?post=23422"},{"taxonomy":"post_tag","embeddable":true,"href":"http:\/\/www.perupesquero.org\/web\/wp-json\/wp\/v2\/tags?post=23422"}],"curies":[{"name":"wp","href":"https:\/\/api.w.org\/{rel}","templated":true}]}}