{"id":23418,"date":"2021-10-19T14:30:28","date_gmt":"2021-10-19T19:30:28","guid":{"rendered":"http:\/\/www.perupesquero.org\/web\/?p=23418"},"modified":"2021-10-19T14:31:01","modified_gmt":"2021-10-19T19:31:01","slug":"alerta-efectos-del-cambio-climatico-impactan-en-temperaturas-de-los-lagos","status":"publish","type":"post","link":"http:\/\/www.perupesquero.org\/web\/alerta-efectos-del-cambio-climatico-impactan-en-temperaturas-de-los-lagos\/","title":{"rendered":"\u00a1Alerta! Efectos del cambio clim\u00e1tico impactan en temperaturas de los lagos"},"content":{"rendered":"\n<p>Un estudio internacional demostr\u00f3 por primera vez que la temperatura de los lagos est\u00e1n cambiando en todo el mundo &#8220;por efecto del ser humano&#8221; y no por la &#8220;variabilidad natural&#8221; del clima, informaron investigadores de la universidad Belga que realizaron el estudio.<\/p>\n\n\n\n<p>La investigaci\u00f3n, dirigida por Luke Grant, Inne Vanderkelen y el profesor Wim Thiery, del grupo de investigaci\u00f3n BCLIMATE de la Vrije Universiteit Brussel (VUB, Universidad Libre de Bruselas), determin\u00f3 que l<strong>os cambios globales en la temperatura de los lagos y la cubierta de hielo &#8220;s\u00f3lo pueden explicarse por las emisiones masivas de gases de efecto invernadero desde la Revoluci\u00f3n Industrial<\/strong>&#8220;, consign\u00f3 la agencia Europa Press.<\/p>\n\n\n\n<p>&#8220;Si los impactos siguen aumentando en el futuro,&nbsp;<strong>corremos el riesgo de da\u00f1ar gravemente los ecosistemas lacustres&#8221;<\/strong>, explic\u00f3 Grant, investigador de la VUB y autor principal del estudio, y agreg\u00f3 que ser\u00eda &#8220;desastroso&#8221; para las comunidades locales que dependen de los lagos para diversas actividades, desde el suministro de agua potable hasta la pesca.<\/p>\n\n\n\n<p>&#8220;Ten\u00edamos que descartar la posibilidad de que estos cambios fueran causados por la variabilidad natural del sistema clim\u00e1tico&#8221;, afirm\u00f3 Vanderkelen, investigadora de la VUB y coautora del estudio, el cual demostr\u00f3, por primera vez, el papel del cambio clim\u00e1tico en estos fen\u00f3menos.<\/p>\n\n\n\n<p>El equipo de investigadores determin\u00f3, a partir de una base de datos construida durante la investigaci\u00f3n, el impacto hist\u00f3rico del cambio clim\u00e1tico en los lagos y adelant\u00f3 varios escenarios clim\u00e1ticos futuros posibles, que indican un\u00e1nimemente tendencias crecientes.<\/p>\n\n\n\n<p>Al respecto, se estim\u00f3 que, en un escenario de bajas emisiones,&nbsp;<strong>el calentamiento medio de los lagos en el futuro se estabilizar\u00e1 en +1,5\u00ba C por encima de los niveles preindustriales y que la duraci\u00f3n de la capa de hielo ser\u00e1 14 d\u00edas meno<\/strong>r, explicaron.<\/p>\n\n\n\n<p>En cambio,&nbsp;<strong>en un mundo con altas emisiones, estos cambios podr\u00edan provocar un aumento de +4,0 \u00b0C y 46 d\u00edas menos de hielo, indicaron en el estudio publicado en la revista Nature Geoscience.<\/strong><\/p>\n\n\n\n<p>Los investigadores calcularon que por cada 1\u00b0C de aumento de la temperatura global del aire, los lagos se calentar\u00e1n 0,9\u00b0C y perder\u00e1n 9,7 d\u00edas de capa de hielo.<\/p>\n\n\n\n<p>&#8220;Nuestros resultados subrayan la gran importancia del Acuerdo de Par\u00eds para proteger la salud de los lagos de todo el mundo&#8221;, afirm\u00f3 Wim Thiery, experto en clima de la VUB e integrante del estudio.<\/p>\n\n\n\n<p>&#8220;Si conseguimos reducir dr\u00e1sticamente nuestras emisiones en las pr\u00f3ximas d\u00e9cadas, todav\u00eda podemos evitar las peores consecuencias para los lagos de todo el mundo&#8221;, concluy\u00f3.<\/p>\n\n\n\n<p>Fuente: T\u00e9lam<\/p>\n","protected":false},"excerpt":{"rendered":"<p>Un estudio internacional demostr\u00f3 por primera vez que la temperatura de los lagos est\u00e1n cambiando en todo el mundo &#8220;por efecto del ser humano&#8221; y no por la &#8220;variabilidad natural&#8221; del clima, informaron investigadores de la universidad Belga que realizaron el estudio. La investigaci\u00f3n, dirigida por Luke Grant, Inne Vanderkelen y el profesor Wim Thiery, [&hellip;]<\/p>\n","protected":false},"author":2,"featured_media":23419,"comment_status":"open","ping_status":"open","sticky":false,"template":"","format":"standard","meta":{"footnotes":""},"categories":[63],"tags":[],"class_list":["post-23418","post","type-post","status-publish","format-standard","has-post-thumbnail","hentry","category-noticias"],"_links":{"self":[{"href":"http:\/\/www.perupesquero.org\/web\/wp-json\/wp\/v2\/posts\/23418","targetHints":{"allow":["GET"]}}],"collection":[{"href":"http:\/\/www.perupesquero.org\/web\/wp-json\/wp\/v2\/posts"}],"about":[{"href":"http:\/\/www.perupesquero.org\/web\/wp-json\/wp\/v2\/types\/post"}],"author":[{"embeddable":true,"href":"http:\/\/www.perupesquero.org\/web\/wp-json\/wp\/v2\/users\/2"}],"replies":[{"embeddable":true,"href":"http:\/\/www.perupesquero.org\/web\/wp-json\/wp\/v2\/comments?post=23418"}],"version-history":[{"count":1,"href":"http:\/\/www.perupesquero.org\/web\/wp-json\/wp\/v2\/posts\/23418\/revisions"}],"predecessor-version":[{"id":23420,"href":"http:\/\/www.perupesquero.org\/web\/wp-json\/wp\/v2\/posts\/23418\/revisions\/23420"}],"wp:featuredmedia":[{"embeddable":true,"href":"http:\/\/www.perupesquero.org\/web\/wp-json\/wp\/v2\/media\/23419"}],"wp:attachment":[{"href":"http:\/\/www.perupesquero.org\/web\/wp-json\/wp\/v2\/media?parent=23418"}],"wp:term":[{"taxonomy":"category","embeddable":true,"href":"http:\/\/www.perupesquero.org\/web\/wp-json\/wp\/v2\/categories?post=23418"},{"taxonomy":"post_tag","embeddable":true,"href":"http:\/\/www.perupesquero.org\/web\/wp-json\/wp\/v2\/tags?post=23418"}],"curies":[{"name":"wp","href":"https:\/\/api.w.org\/{rel}","templated":true}]}}