{"id":23393,"date":"2021-10-18T16:14:28","date_gmt":"2021-10-18T21:14:28","guid":{"rendered":"http:\/\/www.perupesquero.org\/web\/?p=23393"},"modified":"2021-10-18T16:30:20","modified_gmt":"2021-10-18T21:30:20","slug":"empleo-en-exportaciones-entre-enero-y-agosto-2021-supera-nivel-prepandemia","status":"publish","type":"post","link":"http:\/\/www.perupesquero.org\/web\/empleo-en-exportaciones-entre-enero-y-agosto-2021-supera-nivel-prepandemia\/","title":{"rendered":"Empleo en exportaciones entre enero y agosto 2021 supera nivel prepandemia"},"content":{"rendered":"\n<p>El empleo asociado a las exportaciones en el periodo enero-agosto del presente a\u00f1o ascendi\u00f3 a los 2 millones 172,998 puestos de trabajo (entre directos, indirectos e inducidos), cantidad superior en 19.9%, respecto al mismo lapso del 2019 (prenpandemia), indic\u00f3 el Centro de Investigaci\u00f3n de Econom\u00eda y Negocios Globales de la Asociaci\u00f3n de Exportadores (Cien-Adex).<\/p>\n\n\n\n<p>Asimismo, se\u00f1al\u00f3 que, comparado frente al similar periodo del 2020, la expansi\u00f3n fue de 29.3%.<\/p>\n\n\n\n<p>En tanto, solo en agosto, el stock del empleo asociado a las exportaciones se situ\u00f3 en 313,304, cantidad superior en 7.1% en relaci\u00f3n al mismo mes del 2020, apoyado por el mayor empleo asociado a las exportaciones no tradicionales (11.4%) y en menor medida a exportaciones tradicionales (0.8%).<\/p>\n\n\n\n<p>Asimismo, si se compara con el mismo mes del 2019, el incremento fue de 19.3%, con lo cual retoma un crecimiento de dos d\u00edgitos frente al periodo de la prepandemia (en junio y julio se tuvo un alza de s\u00f3lo 3.6% y 2.6%, respectivamente).<\/p>\n\n\n\n<p>El gremio empresarial indic\u00f3 que el comercio exterior genera empleos formales, desarrollo econ\u00f3mico y poder descentralizador.<\/p>\n\n\n\n<p>\u201cSi bien este a\u00f1o la tendencia es positiva, el 2022 apunta a ser complicado pues muchas econom\u00edas volver\u00e1n a la normalidad, por lo que Per\u00fa debe aprovechar la coyuntura para prepararse\u201d, indic\u00f3 la Asociaci\u00f3n de Exportadores (Adex).<\/p>\n\n\n\n<p>Por sectores<\/p>\n\n\n\n<p>Un informe del Cien-Adex indic\u00f3 que a agosto el stock de empleos del sector primario fue de 785,297, lo cual signific\u00f3 un aumento de 34.2% y una representaci\u00f3n del 36.1% del total; en tanto del no tradicional fue de un mill\u00f3n 387,045, creciendo 26.7% y concentrando el 63.9%.<\/p>\n\n\n\n<p>La agroindustria se consolid\u00f3 como el rubro m\u00e1s intensivo en mano de obra al mantener un stock de 890,406 (incremento de 15.4%) gracias a los mayores despachos de superfoods para el mercado externo, pues al tener mayor valor agregado genera m\u00e1s puestos de trabajo a lo largo de todas las cadenas productivas.<\/p>\n\n\n\n<p>La miner\u00eda tradicional fue la segunda actividad con mayor impulso laboral con 581,092 y un alza de 45.2%. Asimismo, fue la m\u00e1s din\u00e1mica al ser la que m\u00e1s nuevos empleos gener\u00f3 (180,979), sobre todo por los mayores despachos de cobre, oro, hierro, cinc, plomo, plata, entre otros.<\/p>\n\n\n\n<p>El tercer lugar fue para las confecciones con un stock de 177,051 y una variaci\u00f3n positiva de 70.7%, impulsado por los despachos de prendas para beb\u00e9s, vestidos, su\u00e9teres, chalecos y pijamas.<\/p>\n\n\n\n<p>Le sigui\u00f3 la pesca para Consumo Humano Directo (CHD), con 128,606 puestos de trabajo (variaci\u00f3n de 37.7%) gracias a la mayor demanda de pota y calamares congelados y en conserva, langostinos, filetes de pescado diverso, conchas de abanico, colas de langostinos, jureles congelados, conservas de at\u00fan y filetes de trucha.<\/p>\n\n\n\n<p>Completan el ranking el agro tradicional con un stock de 127,669 (-8.1%), la pesca tradicional con 73,990 (68.1%), la siderometalurgia con 39,620 empleos (84.2%), el textil con 32,419 (63.3%), miner\u00eda no met\u00e1lica con 30,564 (59.5%), seguido de otros sectores.<\/p>\n\n\n\n<p>Regiones<\/p>\n\n\n\n<p>En el acumulado enero-agosto, el nivel de empleo asociado a los env\u00edos al exterior se increment\u00f3 en 21 regiones del pa\u00eds, siendo las tres principales Lima (26.5% del total), Ica (14.2%) y La Libertad (10.5%), acumulando en conjunto el 51.2%. En contraste, las tres regiones con menor generaci\u00f3n de empleo exportador fueron Hu\u00e1nuco, Loreto, y Huancavelica.<\/p>\n\n\n\n<p>Fuente: Diario El Peruano<\/p>\n","protected":false},"excerpt":{"rendered":"<p>El empleo asociado a las exportaciones en el periodo enero-agosto del presente a\u00f1o ascendi\u00f3 a los 2 millones 172,998 puestos de trabajo (entre directos, indirectos e inducidos), cantidad superior en 19.9%, respecto al mismo lapso del 2019 (prenpandemia), indic\u00f3 el Centro de Investigaci\u00f3n de Econom\u00eda y Negocios Globales de la Asociaci\u00f3n de Exportadores (Cien-Adex). Asimismo, [&hellip;]<\/p>\n","protected":false},"author":2,"featured_media":23394,"comment_status":"open","ping_status":"open","sticky":false,"template":"","format":"standard","meta":{"footnotes":""},"categories":[63],"tags":[],"class_list":["post-23393","post","type-post","status-publish","format-standard","has-post-thumbnail","hentry","category-noticias"],"_links":{"self":[{"href":"http:\/\/www.perupesquero.org\/web\/wp-json\/wp\/v2\/posts\/23393","targetHints":{"allow":["GET"]}}],"collection":[{"href":"http:\/\/www.perupesquero.org\/web\/wp-json\/wp\/v2\/posts"}],"about":[{"href":"http:\/\/www.perupesquero.org\/web\/wp-json\/wp\/v2\/types\/post"}],"author":[{"embeddable":true,"href":"http:\/\/www.perupesquero.org\/web\/wp-json\/wp\/v2\/users\/2"}],"replies":[{"embeddable":true,"href":"http:\/\/www.perupesquero.org\/web\/wp-json\/wp\/v2\/comments?post=23393"}],"version-history":[{"count":3,"href":"http:\/\/www.perupesquero.org\/web\/wp-json\/wp\/v2\/posts\/23393\/revisions"}],"predecessor-version":[{"id":23397,"href":"http:\/\/www.perupesquero.org\/web\/wp-json\/wp\/v2\/posts\/23393\/revisions\/23397"}],"wp:featuredmedia":[{"embeddable":true,"href":"http:\/\/www.perupesquero.org\/web\/wp-json\/wp\/v2\/media\/23394"}],"wp:attachment":[{"href":"http:\/\/www.perupesquero.org\/web\/wp-json\/wp\/v2\/media?parent=23393"}],"wp:term":[{"taxonomy":"category","embeddable":true,"href":"http:\/\/www.perupesquero.org\/web\/wp-json\/wp\/v2\/categories?post=23393"},{"taxonomy":"post_tag","embeddable":true,"href":"http:\/\/www.perupesquero.org\/web\/wp-json\/wp\/v2\/tags?post=23393"}],"curies":[{"name":"wp","href":"https:\/\/api.w.org\/{rel}","templated":true}]}}