{"id":23370,"date":"2021-10-16T21:49:27","date_gmt":"2021-10-17T02:49:27","guid":{"rendered":"http:\/\/www.perupesquero.org\/web\/?p=23370"},"modified":"2021-10-16T21:49:42","modified_gmt":"2021-10-17T02:49:42","slug":"oleajes-anomalos-en-el-mar-de-grau-seguiran-hasta-el-19-de-octubre","status":"publish","type":"post","link":"http:\/\/www.perupesquero.org\/web\/oleajes-anomalos-en-el-mar-de-grau-seguiran-hasta-el-19-de-octubre\/","title":{"rendered":"Oleajes an\u00f3malos en el mar de Grau seguir\u00e1n hasta el 19 de octubre"},"content":{"rendered":"\n<p>La Direcci\u00f3n de Hidrograf\u00eda y Navegaci\u00f3n (DHN) de la Marina de Guerra del Per\u00fa, informo que los oleajes de ligera intensidad continuar\u00e1n hasta el martes 19 de octubre en todo el litoral pesquero.<\/p>\n\n\n\n<p>A trav\u00e9s del&nbsp;Aviso Oceanogr\u00e1fico Especial 65, advirti\u00f3 la continuidad de oleajes an\u00f3malos en el litoral centro, entre Cerro Azul, en la regi\u00f3n Lima, hasta San Juan de Marcona, en la regi\u00f3n Ica, mismos que se producir\u00edan a partir de hoy s\u00e1bado, al igual que en todo el litoral sur.<\/p>\n\n\n\n<p>Entre tanto, entre Salaverry (La Libertad) y Cerro Azul (Lima) este fen\u00f3meno continuar\u00e1 ligero desde la madrugada de ma\u00f1ana domingo 17.&nbsp;<\/p>\n\n\n\n<p>Aunque, en el litoral norte se estima el restablecimiento de las condiciones normales del mar desde la tarde del 16. El horizonte predictivo del estado del mar en la zona costera de nuestro litoral es hasta el martes 19 de octubre, dijo el aviso oceanogr\u00e1fico.<\/p>\n\n\n\n<p>Prevenci\u00f3n&nbsp;<\/p>\n\n\n\n<p>Ante esta situaci\u00f3n, el Instituto Nacional de Defensa Civil (Indeci) exhort\u00f3 a las autoridades regionales y locales orientar a la poblaci\u00f3n en cuanto a medidas de protecci\u00f3n espec\u00edficas, evitando exponerse a este fen\u00f3meno para prevenir accidentes y\/o da\u00f1os personales y materiales.<\/p>\n\n\n\n<p>Asimismo, recomend\u00f3 suspender las actividades portuarias y de pesca, as\u00ed como asegurar las embarcaciones y\/o retirar las flotas peque\u00f1as hacia tierra firme. Adem\u00e1s, se debe evitar actividades deportivas y recreativas durante el periodo de oleaje, as\u00ed como campamentos cerca de las zonas de playa.<\/p>\n","protected":false},"excerpt":{"rendered":"<p>La Direcci\u00f3n de Hidrograf\u00eda y Navegaci\u00f3n (DHN) de la Marina de Guerra del Per\u00fa, informo que los oleajes de ligera intensidad continuar\u00e1n hasta el martes 19 de octubre en todo el litoral pesquero. A trav\u00e9s del&nbsp;Aviso Oceanogr\u00e1fico Especial 65, advirti\u00f3 la continuidad de oleajes an\u00f3malos en el litoral centro, entre Cerro Azul, en la regi\u00f3n [&hellip;]<\/p>\n","protected":false},"author":2,"featured_media":23371,"comment_status":"open","ping_status":"open","sticky":false,"template":"","format":"standard","meta":{"footnotes":""},"categories":[63],"tags":[],"class_list":["post-23370","post","type-post","status-publish","format-standard","has-post-thumbnail","hentry","category-noticias"],"_links":{"self":[{"href":"http:\/\/www.perupesquero.org\/web\/wp-json\/wp\/v2\/posts\/23370","targetHints":{"allow":["GET"]}}],"collection":[{"href":"http:\/\/www.perupesquero.org\/web\/wp-json\/wp\/v2\/posts"}],"about":[{"href":"http:\/\/www.perupesquero.org\/web\/wp-json\/wp\/v2\/types\/post"}],"author":[{"embeddable":true,"href":"http:\/\/www.perupesquero.org\/web\/wp-json\/wp\/v2\/users\/2"}],"replies":[{"embeddable":true,"href":"http:\/\/www.perupesquero.org\/web\/wp-json\/wp\/v2\/comments?post=23370"}],"version-history":[{"count":1,"href":"http:\/\/www.perupesquero.org\/web\/wp-json\/wp\/v2\/posts\/23370\/revisions"}],"predecessor-version":[{"id":23372,"href":"http:\/\/www.perupesquero.org\/web\/wp-json\/wp\/v2\/posts\/23370\/revisions\/23372"}],"wp:featuredmedia":[{"embeddable":true,"href":"http:\/\/www.perupesquero.org\/web\/wp-json\/wp\/v2\/media\/23371"}],"wp:attachment":[{"href":"http:\/\/www.perupesquero.org\/web\/wp-json\/wp\/v2\/media?parent=23370"}],"wp:term":[{"taxonomy":"category","embeddable":true,"href":"http:\/\/www.perupesquero.org\/web\/wp-json\/wp\/v2\/categories?post=23370"},{"taxonomy":"post_tag","embeddable":true,"href":"http:\/\/www.perupesquero.org\/web\/wp-json\/wp\/v2\/tags?post=23370"}],"curies":[{"name":"wp","href":"https:\/\/api.w.org\/{rel}","templated":true}]}}