{"id":23357,"date":"2021-10-14T21:40:28","date_gmt":"2021-10-15T02:40:28","guid":{"rendered":"http:\/\/www.perupesquero.org\/web\/?p=23357"},"modified":"2021-10-14T21:40:43","modified_gmt":"2021-10-15T02:40:43","slug":"fenomeno-la-nina-en-peru-continua-no-activo-pero-se-desarrolla-por-segundo-ano-consecutivo-en-otros-paises","status":"publish","type":"post","link":"http:\/\/www.perupesquero.org\/web\/fenomeno-la-nina-en-peru-continua-no-activo-pero-se-desarrolla-por-segundo-ano-consecutivo-en-otros-paises\/","title":{"rendered":"Fen\u00f3meno La Ni\u00f1a en Per\u00fa continua No Activo, pero se desarrolla por segundo a\u00f1o consecutivo en otros pa\u00edses"},"content":{"rendered":"\n<p>El Centro de Predicci\u00f3n Clim\u00e1tica de la&nbsp;<a href=\"https:\/\/www.elnuevodia.com\/topicos\/noaa\/\">Administraci\u00f3n Nacional Oce\u00e1nica y Atmosf\u00e9rica<\/a>&nbsp;(NOAA, en ingl\u00e9s) declar\u00f3 esta ma\u00f1ana como \u201cdesarrollado\u201d al fen\u00f3meno La Ni\u00f1a, lo que implica que es el segundo a\u00f1o consecutivo que ocurre este evento atmosf\u00e9rico.<\/p>\n\n\n\n<p>Al respecto, los asesores cient\u00edficos de PERUPESQUERO, manifestaron que existe una gran posibilidad que La Ni\u00f1a se mantenga hasta verano del 2022 en el Oc\u00e9ano Pac\u00edfico; sin embargo, en la zona norte del Per\u00fa, el escenario se muestra diferente ya que en la regi\u00f3n Ni\u00f1o 1 +2, los valores est\u00e1n 0.1\u00b0C (NOAA, 2021), es decir, dicho evento natural se encuentra No Activo.<\/p>\n\n\n\n<p>S\u00ed bien, este fen\u00f3meno de escala mundial se est\u00e1 dando en el Oc\u00e9ano Pac\u00edfico, donde las temperaturas en la l\u00ednea del Ecuador se tornan fr\u00edas, a ello se suma la presencia de los huracanes que limitan la informaci\u00f3n, tambi\u00e9n est\u00e1 originando efectos contrarios en el Oc\u00e9ano Atl\u00e1ntico, donde las temperaturas ecuatoriales se calientan y disminuyen los vientos cortantes, aumentando el posible desarrollo de sistemas tropicales.<\/p>\n\n\n\n<p>La NOAA no ha descartado que se trate de un evento de \u201cdoble inmersi\u00f3n\u201d ya que ocurre por segunda vez en el per\u00edodo de 2020-2021.<\/p>\n\n\n\n<p>Mike Halpert, subdirector del Centro de Predicci\u00f3n Clim\u00e1tica de la NOAA, dijo \u201cnuestros cient\u00edficos han estado rastreando el desarrollo potencial de La Ni\u00f1a desde este verano, y fue un factor en el pron\u00f3stico de la temporada de huracanes por encima de lo normal, que hemos visto desarrollarse\u201d, agreg\u00f3 que este fen\u00f3meno influir\u00e1 en el clima de Estados Unidos durante el invierno, e influir\u00e1 en nuestras pr\u00f3ximas perspectivas de temperatura y precipitaci\u00f3n.<\/p>\n\n\n\n<p>Importante<\/p>\n\n\n\n<p>En agosto de 2020 fue la \u00faltima vez que se desarroll\u00f3 La Ni\u00f1a y se disip\u00f3 en abril del 2021. No obstante, desde el pasado mes de julio la NOAA emiti\u00f3 una vigilancia de La Ni\u00f1a, porque las temperaturas cerca del ecuador en el oc\u00e9ano Pac\u00edfico mostraban un patr\u00f3n caracter\u00edstico de este fen\u00f3meno.<\/p>\n\n\n\n<p>Adem\u00e1s, el fen\u00f3meno tambi\u00e9n ocurri\u00f3 entre 2017-2018, per\u00edodo en el que se desarrollaron huracanes de fuerza mayor como Mar\u00eda.<\/p>\n\n\n\n<p>En su an\u00e1lisis, el Centro de Predicci\u00f3n Clim\u00e1tica anticipa que La Ni\u00f1a pudiera continuar en efecto hasta la primavera del 2022.&nbsp;La agencia meteorol\u00f3gica le otorg\u00f3 un 87% de posibilidad a ese pron\u00f3stico.<\/p>\n","protected":false},"excerpt":{"rendered":"<p>El Centro de Predicci\u00f3n Clim\u00e1tica de la&nbsp;Administraci\u00f3n Nacional Oce\u00e1nica y Atmosf\u00e9rica&nbsp;(NOAA, en ingl\u00e9s) declar\u00f3 esta ma\u00f1ana como \u201cdesarrollado\u201d al fen\u00f3meno La Ni\u00f1a, lo que implica que es el segundo a\u00f1o consecutivo que ocurre este evento atmosf\u00e9rico. Al respecto, los asesores cient\u00edficos de PERUPESQUERO, manifestaron que existe una gran posibilidad que La Ni\u00f1a se mantenga hasta [&hellip;]<\/p>\n","protected":false},"author":2,"featured_media":23358,"comment_status":"open","ping_status":"open","sticky":false,"template":"","format":"standard","meta":{"footnotes":""},"categories":[63],"tags":[],"class_list":["post-23357","post","type-post","status-publish","format-standard","has-post-thumbnail","hentry","category-noticias"],"_links":{"self":[{"href":"http:\/\/www.perupesquero.org\/web\/wp-json\/wp\/v2\/posts\/23357","targetHints":{"allow":["GET"]}}],"collection":[{"href":"http:\/\/www.perupesquero.org\/web\/wp-json\/wp\/v2\/posts"}],"about":[{"href":"http:\/\/www.perupesquero.org\/web\/wp-json\/wp\/v2\/types\/post"}],"author":[{"embeddable":true,"href":"http:\/\/www.perupesquero.org\/web\/wp-json\/wp\/v2\/users\/2"}],"replies":[{"embeddable":true,"href":"http:\/\/www.perupesquero.org\/web\/wp-json\/wp\/v2\/comments?post=23357"}],"version-history":[{"count":2,"href":"http:\/\/www.perupesquero.org\/web\/wp-json\/wp\/v2\/posts\/23357\/revisions"}],"predecessor-version":[{"id":23360,"href":"http:\/\/www.perupesquero.org\/web\/wp-json\/wp\/v2\/posts\/23357\/revisions\/23360"}],"wp:featuredmedia":[{"embeddable":true,"href":"http:\/\/www.perupesquero.org\/web\/wp-json\/wp\/v2\/media\/23358"}],"wp:attachment":[{"href":"http:\/\/www.perupesquero.org\/web\/wp-json\/wp\/v2\/media?parent=23357"}],"wp:term":[{"taxonomy":"category","embeddable":true,"href":"http:\/\/www.perupesquero.org\/web\/wp-json\/wp\/v2\/categories?post=23357"},{"taxonomy":"post_tag","embeddable":true,"href":"http:\/\/www.perupesquero.org\/web\/wp-json\/wp\/v2\/tags?post=23357"}],"curies":[{"name":"wp","href":"https:\/\/api.w.org\/{rel}","templated":true}]}}