{"id":23291,"date":"2021-10-10T15:31:30","date_gmt":"2021-10-10T20:31:30","guid":{"rendered":"http:\/\/www.perupesquero.org\/web\/?p=23291"},"modified":"2021-10-10T15:32:52","modified_gmt":"2021-10-10T20:32:52","slug":"pesca-chimbote-sera-sede-de-la-primera-audiencia-publica-descentralizada-de-la-comision-de-produccion-y-pymes","status":"publish","type":"post","link":"http:\/\/www.perupesquero.org\/web\/pesca-chimbote-sera-sede-de-la-primera-audiencia-publica-descentralizada-de-la-comision-de-produccion-y-pymes\/","title":{"rendered":"Pesca: Chimbote ser\u00e1 sede de la primera audiencia p\u00fablica descentralizada de la Comisi\u00f3n de Producci\u00f3n y Pymes"},"content":{"rendered":"\n<p>El emblem\u00e1tico puerto pesquero del Per\u00fa, Chimbote, ser\u00e1 sede de la Primera Audiencia P\u00fablica Descentralizada de la Comisi\u00f3n de Producci\u00f3n Micro y Peque\u00f1a Empresa y Cooperativas del Congreso de la Rep\u00fablica. El evento, est\u00e1 proyectado para ma\u00f1ana 11 de octubre, a partir de las 8:00 a.m., hasta las 13:00 pm en el auditorio de la C\u00e1mara de Comercio y Producci\u00f3n de Chimbote, ubicada en el Jir\u00f3n Enrique Palacios  N\u00b0 536.<\/p>\n\n\n\n<p>Dicha audiencia ser\u00e1 inaugurada por el Presidente de la Comisi\u00f3n de Producci\u00f3n, Bernardo Jaime Quito Sarmiento, que a trav\u00e9s de una nota de prensa precis\u00f3, \u201cla importancia de escuchar a los pescadores, quienes han sido dejados de lado durante mucho tiempo, as\u00ed como a los microempresarios de Chimbote, quienes desean una reactivaci\u00f3n econ\u00f3mica que los priorice\u201d.<\/p>\n\n\n\n<p>Asimismo, estar\u00e1n presentes las congresistas Kelly Portalatino, Lady Camones y miembros de la comisi\u00f3n, adem\u00e1s de las autoridades de la Regi\u00f3n de Ancash y gobierno municipal.<\/p>\n\n\n\n<p>Quito Sarmiento, manifest\u00f3 que el trabajo de la comisi\u00f3n se realizar\u00e1 de la mano con el pueblo, con los pescadores y microempresarios de la regi\u00f3n, bajo el objetivo de escuchar las necesidades y propuestas sobre la problem\u00e1tica del sector pesquero<\/p>\n\n\n\n<p>Finalmente, el legislador Quito puntualiz\u00f3 que su prioridad es recibir las preocupaciones, pero tambi\u00e9n propuestas de soluci\u00f3n sobre la problem\u00e1tica del sector pesquero, con \u00e9nfasis de la pesca artesanal y de menor escala de Chimbote y de las microempresas, para promover su competitividad, desarrollo y reactivaci\u00f3n.<\/p>\n","protected":false},"excerpt":{"rendered":"<p>El emblem\u00e1tico puerto pesquero del Per\u00fa, Chimbote, ser\u00e1 sede de la Primera Audiencia P\u00fablica Descentralizada de la Comisi\u00f3n de Producci\u00f3n Micro y Peque\u00f1a Empresa y Cooperativas del Congreso de la Rep\u00fablica. El evento, est\u00e1 proyectado para ma\u00f1ana 11 de octubre, a partir de las 8:00 a.m., hasta las 13:00 pm en el auditorio de la [&hellip;]<\/p>\n","protected":false},"author":2,"featured_media":23292,"comment_status":"open","ping_status":"open","sticky":false,"template":"","format":"standard","meta":{"footnotes":""},"categories":[63],"tags":[],"class_list":["post-23291","post","type-post","status-publish","format-standard","has-post-thumbnail","hentry","category-noticias"],"_links":{"self":[{"href":"http:\/\/www.perupesquero.org\/web\/wp-json\/wp\/v2\/posts\/23291","targetHints":{"allow":["GET"]}}],"collection":[{"href":"http:\/\/www.perupesquero.org\/web\/wp-json\/wp\/v2\/posts"}],"about":[{"href":"http:\/\/www.perupesquero.org\/web\/wp-json\/wp\/v2\/types\/post"}],"author":[{"embeddable":true,"href":"http:\/\/www.perupesquero.org\/web\/wp-json\/wp\/v2\/users\/2"}],"replies":[{"embeddable":true,"href":"http:\/\/www.perupesquero.org\/web\/wp-json\/wp\/v2\/comments?post=23291"}],"version-history":[{"count":3,"href":"http:\/\/www.perupesquero.org\/web\/wp-json\/wp\/v2\/posts\/23291\/revisions"}],"predecessor-version":[{"id":23296,"href":"http:\/\/www.perupesquero.org\/web\/wp-json\/wp\/v2\/posts\/23291\/revisions\/23296"}],"wp:featuredmedia":[{"embeddable":true,"href":"http:\/\/www.perupesquero.org\/web\/wp-json\/wp\/v2\/media\/23292"}],"wp:attachment":[{"href":"http:\/\/www.perupesquero.org\/web\/wp-json\/wp\/v2\/media?parent=23291"}],"wp:term":[{"taxonomy":"category","embeddable":true,"href":"http:\/\/www.perupesquero.org\/web\/wp-json\/wp\/v2\/categories?post=23291"},{"taxonomy":"post_tag","embeddable":true,"href":"http:\/\/www.perupesquero.org\/web\/wp-json\/wp\/v2\/tags?post=23291"}],"curies":[{"name":"wp","href":"https:\/\/api.w.org\/{rel}","templated":true}]}}