{"id":23288,"date":"2021-10-09T18:25:37","date_gmt":"2021-10-09T23:25:37","guid":{"rendered":"http:\/\/www.perupesquero.org\/web\/?p=23288"},"modified":"2021-10-09T21:19:05","modified_gmt":"2021-10-10T02:19:05","slug":"ifop-resalta-documento-sobre-adaptacion-al-cambio-climatico","status":"publish","type":"post","link":"http:\/\/www.perupesquero.org\/web\/ifop-resalta-documento-sobre-adaptacion-al-cambio-climatico\/","title":{"rendered":"IFOP resalta documento sobre adaptaci\u00f3n al Cambio Clim\u00e1tico"},"content":{"rendered":"\n<p>Documento es parte del proyecto \u201cFortalecimiento de la capacidad de adaptaci\u00f3n en el sector pesquero y acu\u00edcola chileno al cambio clim\u00e1tico\u201d, ejecutado por la Subsecretar\u00eda de Pesca y Acuicultura y el Ministerio del Medio Ambiente, e implementado por la Organizaci\u00f3n de las Naciones Unidas para la Alimentaci\u00f3n y la Agricultura, con financiamiento del Fondo para el Medio Ambiente Mundial (GEF, por su sigla en ingl\u00e9s).<\/p>\n\n\n\n<p>Trabajo piloto sobre adaptaci\u00f3n al Cambio Clim\u00e1tico se implement\u00f3 en cuatro caletas: Caleta Riquelme (Tarapac\u00e1); Caleta Tongoy (Coquimbo); Caleta Coliumo (Biob\u00edo); y Caleta El Manzano-Hualaihu\u00e9 (Los Lagos).<\/p>\n\n\n\n<p>En primer lugar, se presentan los principales resultados y aspectos innovadores en base a tres componentes principales: fortalecimiento de las capacidades institucionales p\u00fablicas y privadas; mejoramiento de la capacidad de adaptaci\u00f3n de la pesca artesanal y la acuicultura de peque\u00f1a escala; y fortalecimiento del conocimiento y sensibilizaci\u00f3n sobre el cambio clim\u00e1tico en las comunidades pesqueras y acu\u00edcolas.<\/p>\n\n\n\n<p>En la segunda parte se detallan las lecciones aprendidas para entregar a las autoridades y comunidades involucradas, las capacidades y herramientas necesarias para enfrentar el desaf\u00edo de transformaci\u00f3n requerido para lograr su adaptaci\u00f3n a los escenarios futuros del clima.\u00a0En tercer lugar, se describen recomendaciones para escalar las acciones de adaptaci\u00f3n en las caletas piloto y dar sostenibilidad a esta iniciativa m\u00e1s all\u00e1 de su fecha de t\u00e9rmino. \u00a0Por \u00faltimo, se presentan recomendaciones de pol\u00edtica p\u00fablica agrupadas en cinco aspectos principales: planes y programas en pesca artesanal y acuicultura de peque\u00f1a escala; capacitaci\u00f3n a nivel nacional y local; informaci\u00f3n clim\u00e1tica y oceanogr\u00e1fica; diversificaci\u00f3n productiva; y transversalizaci\u00f3n de g\u00e9nero.\u00a0Este documento est\u00e1 dirigido a los socios beneficiarios y la institucionalidad sectorial y su objetivo es servir de gu\u00eda y\/o modelo para otras comunidades costeras del pa\u00eds.<\/p>\n\n\n\n<p>Fuente: Mundoacuicola<\/p>\n\n\n\n<p>Descargar en<\/p>\n\n\n\n<p><a href=\"http:\/\/www.fao.org\/documents\/card\/es\/c\/cb6536es\">http:\/\/www.fao.org\/documents\/card\/es\/c\/cb6536es<\/a><\/p>\n","protected":false},"excerpt":{"rendered":"<p>Documento es parte del proyecto \u201cFortalecimiento de la capacidad de adaptaci\u00f3n en el sector pesquero y acu\u00edcola chileno al cambio clim\u00e1tico\u201d, ejecutado por la Subsecretar\u00eda de Pesca y Acuicultura y el Ministerio del Medio Ambiente, e implementado por la Organizaci\u00f3n de las Naciones Unidas para la Alimentaci\u00f3n y la Agricultura, con financiamiento del Fondo para [&hellip;]<\/p>\n","protected":false},"author":2,"featured_media":23289,"comment_status":"open","ping_status":"open","sticky":false,"template":"","format":"standard","meta":{"footnotes":""},"categories":[63],"tags":[],"class_list":["post-23288","post","type-post","status-publish","format-standard","has-post-thumbnail","hentry","category-noticias"],"_links":{"self":[{"href":"http:\/\/www.perupesquero.org\/web\/wp-json\/wp\/v2\/posts\/23288","targetHints":{"allow":["GET"]}}],"collection":[{"href":"http:\/\/www.perupesquero.org\/web\/wp-json\/wp\/v2\/posts"}],"about":[{"href":"http:\/\/www.perupesquero.org\/web\/wp-json\/wp\/v2\/types\/post"}],"author":[{"embeddable":true,"href":"http:\/\/www.perupesquero.org\/web\/wp-json\/wp\/v2\/users\/2"}],"replies":[{"embeddable":true,"href":"http:\/\/www.perupesquero.org\/web\/wp-json\/wp\/v2\/comments?post=23288"}],"version-history":[{"count":1,"href":"http:\/\/www.perupesquero.org\/web\/wp-json\/wp\/v2\/posts\/23288\/revisions"}],"predecessor-version":[{"id":23290,"href":"http:\/\/www.perupesquero.org\/web\/wp-json\/wp\/v2\/posts\/23288\/revisions\/23290"}],"wp:featuredmedia":[{"embeddable":true,"href":"http:\/\/www.perupesquero.org\/web\/wp-json\/wp\/v2\/media\/23289"}],"wp:attachment":[{"href":"http:\/\/www.perupesquero.org\/web\/wp-json\/wp\/v2\/media?parent=23288"}],"wp:term":[{"taxonomy":"category","embeddable":true,"href":"http:\/\/www.perupesquero.org\/web\/wp-json\/wp\/v2\/categories?post=23288"},{"taxonomy":"post_tag","embeddable":true,"href":"http:\/\/www.perupesquero.org\/web\/wp-json\/wp\/v2\/tags?post=23288"}],"curies":[{"name":"wp","href":"https:\/\/api.w.org\/{rel}","templated":true}]}}