{"id":23284,"date":"2021-10-09T18:01:23","date_gmt":"2021-10-09T23:01:23","guid":{"rendered":"http:\/\/www.perupesquero.org\/web\/?p=23284"},"modified":"2021-10-09T18:21:18","modified_gmt":"2021-10-09T23:21:18","slug":"peru-presidente-castillo-pidio-cuidar-mar-de-grau-y-recuperar-soberania-del-gas","status":"publish","type":"post","link":"http:\/\/www.perupesquero.org\/web\/peru-presidente-castillo-pidio-cuidar-mar-de-grau-y-recuperar-soberania-del-gas\/","title":{"rendered":"Per\u00fa: Presidente Castillo pidi\u00f3 cuidar mar de Grau y recuperar soberan\u00eda del gas"},"content":{"rendered":"\n<p>&#8220;Se\u00f1ores miembros de la&nbsp;<strong>Marina de Guerra<\/strong>&nbsp;del Per\u00fa hoy m\u00e1s que nunca el pa\u00eds requiere de su vocaci\u00f3n de servicio a la patria, como lo hizo este hombre don Miguel Grau Seminario, el Caballero de los Mares, y con esa actitud insto a la marina a no solamente cuidar el mar de Grau, (sino) vamos a cuidar ese mar humano que son los 33 millones de peruanos&#8221;, sostuvo el mandatario del Per\u00fa, Pedro Castillo.<\/p>\n\n\n\n<p>Durante la celebraci\u00f3n del Bicentenario de la&nbsp;Marina de Guerra,&nbsp;<a href=\"https:\/\/rpp.pe\/politica\/gobierno\/pedro-castillo-subida-del-precio-del-pan-y-del-dolar-no-es-porque-haya-llegado-un-hijo-del-pueblo-al-gobierno-noticia-1361455?ns_source=self&amp;ns_mchannel=articulo.body&amp;ns_campaign=content.rel\">el presidente de la Rep\u00fablica<\/a>&nbsp; hizo un llamado a luchar por la descontaminaci\u00f3n de las fuentes de agua del pa\u00eds, as\u00ed como &#8220;por la recuperaci\u00f3n del gas&#8221;, como se hizo por conseguir la soberan\u00eda en el mar.<\/p>\n\n\n\n<p>Se\u00f1al\u00f3 tambi\u00e9n que es un deber de la<strong>&nbsp;Marina<\/strong>&nbsp;y de &#8220;todos los que est\u00e1n comprometidos con el pa\u00eds&#8221; no solo luchar por el mar de Grau, sino tambi\u00e9n &#8220;por la descontaminaci\u00f3n del mismo mar, de los lagos y lagunas que tiene nuestro pa\u00eds y los r\u00edos que en el d\u00eda de hoy est\u00e1n enfermos&#8221;.<\/p>\n\n\n\n<p>&#8220;As\u00ed como luchamos para tener una soberan\u00eda mar\u00edtima,&nbsp;<a href=\"https:\/\/rpp.pe\/politica\/gobierno\/mirtha-vasquez-lidero-instalacion-de-comision-para-renegociar-contrato-de-gas-de-camisea-noticia-1361969?ns_source=self&amp;ns_mchannel=articulo.body&amp;ns_campaign=content.rel\">tener una soberan\u00eda como recuperar el gas<\/a>, para darle agua a todos los peruanos, para que los peruanos sientan un centavo en su bolsillo y no est\u00e9n pensando que ma\u00f1ana les falta un pan&#8221;, agreg\u00f3.<\/p>\n\n\n\n<p>&#8220;Un pa\u00eds m\u00e1s justo y equitativo&#8221;<\/p>\n\n\n\n<p>El&nbsp;presidente Castillo&nbsp;afirm\u00f3 que su gobierno est\u00e1 abocado a construir un pa\u00eds m\u00e1s justo y equitativo, con mejor econom\u00eda, con hombres y mujeres con mayores oportunidades, con un sistema de salud fortalecido, donde no falten las vacunas contra la Coviod -19.<\/p>\n\n\n\n<p>Al participar en la ceremonia por el bicentenario de la&nbsp;Marina de Guerra del Per\u00fa&nbsp;y el 142 aniversario del glorioso Combate Naval de Angamos, el mandatario resalt\u00f3 el rol social de esta arma a favor de los m\u00e1s vulnerables del pa\u00eds.<\/p>\n\n\n\n<p>El Mandatario destac\u00f3 que cuando se celebra el Bicentenario de la Independencia, es necesario recordar y rendir homenaje a la armada peruana por su participaci\u00f3n en la gesta independentista, en la que fue protagonista para recuperar el mar que estaba bajo dominio espa\u00f1ol.<\/p>\n\n\n\n<p>Acci\u00f3n social<\/p>\n\n\n\n<p>Record\u00f3 que desde el 2012, concibi\u00f3 un nuevo enfoque institucional a trav\u00e9s de una estrategia de acci\u00f3n social con sostenibilidad, empleando las plataformas itinerantes de acci\u00f3n social construidas por los Servicios Industriales de la&nbsp;Marina&nbsp;(SIMA), lo que permiti\u00f3 consolidar la presencia del Estado.<\/p>\n\n\n\n<p>De igual modo, asumi\u00f3 nuevos desaf\u00edos y roles, como su participaci\u00f3n ante los desastres naturales a trav\u00e9s de unidades como el BAP Tacna y BAP Pisco, unidades construidas en los astilleros navales.<\/p>\n\n\n\n<p>&#8220;En este Bicentenario requerimos que la industria nacional despegue, y la Marina con el SIMA viene contribuyendo en esa tarea. Continuamos en ese camino de desarrollo tecnol\u00f3gico, un claro ejemplo es la modernizaci\u00f3n de unidades submarinas y patrulleras para asegurar dominio mar\u00edtimo&#8221;, refiri\u00f3.<\/p>\n\n\n\n<p>&#8220;Les invoco para que continuemos en esta honorable labor de entrega y patriotismo, contribuyendo al engrandecimiento del pa\u00eds al cierre de brechas sociales, a la pacificaci\u00f3n nacional en un pa\u00eds unido, desarrollado y lo reitero, con igualdad de oportunidades para todos los peruanos&#8221;, culmin\u00f3.<\/p>\n\n\n\n<p>Recogido de RPP &#8211; Fotograf\u00eda: apnoticias<\/p>\n\n\n\n<p><\/p>\n","protected":false},"excerpt":{"rendered":"<p>&#8220;Se\u00f1ores miembros de la&nbsp;Marina de Guerra&nbsp;del Per\u00fa hoy m\u00e1s que nunca el pa\u00eds requiere de su vocaci\u00f3n de servicio a la patria, como lo hizo este hombre don Miguel Grau Seminario, el Caballero de los Mares, y con esa actitud insto a la marina a no solamente cuidar el mar de Grau, (sino) vamos a [&hellip;]<\/p>\n","protected":false},"author":2,"featured_media":23285,"comment_status":"open","ping_status":"open","sticky":false,"template":"","format":"standard","meta":{"footnotes":""},"categories":[63],"tags":[],"class_list":["post-23284","post","type-post","status-publish","format-standard","has-post-thumbnail","hentry","category-noticias"],"_links":{"self":[{"href":"http:\/\/www.perupesquero.org\/web\/wp-json\/wp\/v2\/posts\/23284","targetHints":{"allow":["GET"]}}],"collection":[{"href":"http:\/\/www.perupesquero.org\/web\/wp-json\/wp\/v2\/posts"}],"about":[{"href":"http:\/\/www.perupesquero.org\/web\/wp-json\/wp\/v2\/types\/post"}],"author":[{"embeddable":true,"href":"http:\/\/www.perupesquero.org\/web\/wp-json\/wp\/v2\/users\/2"}],"replies":[{"embeddable":true,"href":"http:\/\/www.perupesquero.org\/web\/wp-json\/wp\/v2\/comments?post=23284"}],"version-history":[{"count":1,"href":"http:\/\/www.perupesquero.org\/web\/wp-json\/wp\/v2\/posts\/23284\/revisions"}],"predecessor-version":[{"id":23286,"href":"http:\/\/www.perupesquero.org\/web\/wp-json\/wp\/v2\/posts\/23284\/revisions\/23286"}],"wp:featuredmedia":[{"embeddable":true,"href":"http:\/\/www.perupesquero.org\/web\/wp-json\/wp\/v2\/media\/23285"}],"wp:attachment":[{"href":"http:\/\/www.perupesquero.org\/web\/wp-json\/wp\/v2\/media?parent=23284"}],"wp:term":[{"taxonomy":"category","embeddable":true,"href":"http:\/\/www.perupesquero.org\/web\/wp-json\/wp\/v2\/categories?post=23284"},{"taxonomy":"post_tag","embeddable":true,"href":"http:\/\/www.perupesquero.org\/web\/wp-json\/wp\/v2\/tags?post=23284"}],"curies":[{"name":"wp","href":"https:\/\/api.w.org\/{rel}","templated":true}]}}