{"id":23250,"date":"2021-10-06T21:34:31","date_gmt":"2021-10-07T02:34:31","guid":{"rendered":"http:\/\/www.perupesquero.org\/web\/?p=23250"},"modified":"2021-10-06T21:35:35","modified_gmt":"2021-10-07T02:35:35","slug":"jose-incio-juro-como-ministro-de-produccion","status":"publish","type":"post","link":"http:\/\/www.perupesquero.org\/web\/jose-incio-juro-como-ministro-de-produccion\/","title":{"rendered":"Jos\u00e9 Incio jur\u00f3 como nuevo ministro de la Producci\u00f3n"},"content":{"rendered":"\n<p><strong>Jos\u00e9 Rogger Incio S\u00e1nchez jur\u00f3 esta noche como ministro de la Producci\u00f3n, en reemplazo de Yv\u00e1n Quispe Apaza, quien asumi\u00f3 el cargo desde el pasado 29 de julio.<\/strong><\/p>\n\n\n\n<p>Incio es ingeniero qu\u00edmico de la Universidad Nacional de Ingenier\u00eda y tiene un m\u00e1ster en Gesti\u00f3n de Proyectos en el Instituto Europeo de Posgrado. Adem\u00e1s, cuenta con estudios de administraci\u00f3n en la ESAN y de direcci\u00f3n de proyectos en la Universidad del Pac\u00edfico (UP).<\/p>\n\n\n\n<p>Durante los \u00faltimos nueve a\u00f1os trabaj\u00f3 en ProInversi\u00f3n, y desde mayo de 2017 se desempe\u00f1\u00f3 como director de Proyectos.<\/p>\n\n\n\n<p>(Fotograf\u00eda: Captura Tv Per\u00fa)<\/p>\n","protected":false},"excerpt":{"rendered":"<p>Jos\u00e9 Rogger Incio S\u00e1nchez jur\u00f3 esta noche como ministro de la Producci\u00f3n, en reemplazo de Yv\u00e1n Quispe Apaza, quien asumi\u00f3 el cargo desde el pasado 29 de julio. Incio es ingeniero qu\u00edmico de la Universidad Nacional de Ingenier\u00eda y tiene un m\u00e1ster en Gesti\u00f3n de Proyectos en el Instituto Europeo de Posgrado. Adem\u00e1s, cuenta con [&hellip;]<\/p>\n","protected":false},"author":2,"featured_media":23251,"comment_status":"open","ping_status":"open","sticky":false,"template":"","format":"standard","meta":{"footnotes":""},"categories":[63],"tags":[],"class_list":["post-23250","post","type-post","status-publish","format-standard","has-post-thumbnail","hentry","category-noticias"],"_links":{"self":[{"href":"http:\/\/www.perupesquero.org\/web\/wp-json\/wp\/v2\/posts\/23250","targetHints":{"allow":["GET"]}}],"collection":[{"href":"http:\/\/www.perupesquero.org\/web\/wp-json\/wp\/v2\/posts"}],"about":[{"href":"http:\/\/www.perupesquero.org\/web\/wp-json\/wp\/v2\/types\/post"}],"author":[{"embeddable":true,"href":"http:\/\/www.perupesquero.org\/web\/wp-json\/wp\/v2\/users\/2"}],"replies":[{"embeddable":true,"href":"http:\/\/www.perupesquero.org\/web\/wp-json\/wp\/v2\/comments?post=23250"}],"version-history":[{"count":3,"href":"http:\/\/www.perupesquero.org\/web\/wp-json\/wp\/v2\/posts\/23250\/revisions"}],"predecessor-version":[{"id":23255,"href":"http:\/\/www.perupesquero.org\/web\/wp-json\/wp\/v2\/posts\/23250\/revisions\/23255"}],"wp:featuredmedia":[{"embeddable":true,"href":"http:\/\/www.perupesquero.org\/web\/wp-json\/wp\/v2\/media\/23251"}],"wp:attachment":[{"href":"http:\/\/www.perupesquero.org\/web\/wp-json\/wp\/v2\/media?parent=23250"}],"wp:term":[{"taxonomy":"category","embeddable":true,"href":"http:\/\/www.perupesquero.org\/web\/wp-json\/wp\/v2\/categories?post=23250"},{"taxonomy":"post_tag","embeddable":true,"href":"http:\/\/www.perupesquero.org\/web\/wp-json\/wp\/v2\/tags?post=23250"}],"curies":[{"name":"wp","href":"https:\/\/api.w.org\/{rel}","templated":true}]}}