{"id":23230,"date":"2021-10-04T23:10:11","date_gmt":"2021-10-05T04:10:11","guid":{"rendered":"http:\/\/www.perupesquero.org\/web\/?p=23230"},"modified":"2021-10-04T23:10:12","modified_gmt":"2021-10-05T04:10:12","slug":"lideres-religiosos-del-mundo-firman-peticion-para-frenar-el-cambio-climatico","status":"publish","type":"post","link":"http:\/\/www.perupesquero.org\/web\/lideres-religiosos-del-mundo-firman-peticion-para-frenar-el-cambio-climatico\/","title":{"rendered":"L\u00edderes religiosos del mundo firman petici\u00f3n para frenar el cambio clim\u00e1tico"},"content":{"rendered":"\n<p><em>Representantes de distintas religiones del mundo firmaron en el Vaticano una petici\u00f3n com\u00fan dirigida a la comunidad internacional. Piden frenar el cambio clim\u00e1tico. El escrito fue entregado al presidente de la pr\u00f3xima reuni\u00f3n mundial sobre el clima, el COP26, que tambi\u00e9n estaba presente.<\/em><\/p>\n\n\n\n<p>Entre los presentes estaba el arzobispo de Canterbury Justin Welby, anglicano. Tambi\u00e9n el Patriarca Ecum\u00e9nico Bartolom\u00e9 y delegados de la iglesia ortodoxa rusa. Adem\u00e1s no faltaron a la cita l\u00edderes jud\u00edos, musulmanes o budistas.<\/p>\n\n\n\n<p>El Gran Im\u00e1n de Al-Azhar, que en 2019 firm\u00f3 el documento sobre la fraternidad con el Papa, fue uno de los protagonistas.<\/p>\n\n\n\n<p>En total eran cerca de 40 representantes. El Patriarca Bartolom\u00e9 se\u00f1al\u00f3 que esta reuni\u00f3n era importante para reforzar el di\u00e1logo entre ellos.<\/p>\n\n\n\n<p><em>\u201cNecesitamos este encuentro para simplemente ser, simplemente respirar, simplemente para amarnos los unos a los otros\u201d.<\/em><\/p>\n\n\n\n<p><strong>ALOK SHARMA<\/strong>, Presidente, COP26<br><em>\u201cCada uno de los presentes no solo es una voz reconocida por su comunidad. Tambi\u00e9n tienen autoridad ante los l\u00edderes mundiales\u201d.<\/em><\/p>\n\n\n\n<p>El Papa tuvo un gesto con los presentes. Para permitir que hablasen m\u00e1s otros l\u00edderes, no quiso pronunciar su discurso. Se les entreg\u00f3 por escrito para que lo lean y lo mediten. En \u00e9l, Francisco habla del respeto y recuerda que el mundo est\u00e1 interconectado, que no se puede actuar por libre.<\/p>\n\n\n\n<p><strong>FRANCISCO<\/strong><br><em>\u201cPara no gastar tiempo, que es necesario para que todos hablen, dejo en vuestras manos la transcripci\u00f3n, que la pod\u00e9is leer, y as\u00ed avanzamos en esta celebraci\u00f3n. Gracias\u201d.<\/em><\/p>\n\n\n\n<p>Despu\u00e9s el Papa firm\u00f3 el documento y se lo entreg\u00f3 al presidente del COP26, Alok Sharma. Tambi\u00e9n estaban presentes algunos pol\u00edticos como el ministro de Asuntos Exteriores de Italia.<\/p>\n\n\n\n<p>Cada participante, al terminar su intervenci\u00f3n, ech\u00f3 un poco de tierra en este olivo. Ser\u00e1 plantado en los Jardines Vaticanos como s\u00edmbolo de su compromiso por el cuidado del medioambiente.<\/p>\n\n\n\n<p>Fuente: Rome Reports<\/p>\n","protected":false},"excerpt":{"rendered":"<p>Representantes de distintas religiones del mundo firmaron en el Vaticano una petici\u00f3n com\u00fan dirigida a la comunidad internacional. Piden frenar el cambio clim\u00e1tico. El escrito fue entregado al presidente de la pr\u00f3xima reuni\u00f3n mundial sobre el clima, el COP26, que tambi\u00e9n estaba presente. Entre los presentes estaba el arzobispo de Canterbury Justin Welby, anglicano. Tambi\u00e9n [&hellip;]<\/p>\n","protected":false},"author":2,"featured_media":23231,"comment_status":"open","ping_status":"open","sticky":false,"template":"","format":"standard","meta":{"footnotes":""},"categories":[63],"tags":[],"class_list":["post-23230","post","type-post","status-publish","format-standard","has-post-thumbnail","hentry","category-noticias"],"_links":{"self":[{"href":"http:\/\/www.perupesquero.org\/web\/wp-json\/wp\/v2\/posts\/23230","targetHints":{"allow":["GET"]}}],"collection":[{"href":"http:\/\/www.perupesquero.org\/web\/wp-json\/wp\/v2\/posts"}],"about":[{"href":"http:\/\/www.perupesquero.org\/web\/wp-json\/wp\/v2\/types\/post"}],"author":[{"embeddable":true,"href":"http:\/\/www.perupesquero.org\/web\/wp-json\/wp\/v2\/users\/2"}],"replies":[{"embeddable":true,"href":"http:\/\/www.perupesquero.org\/web\/wp-json\/wp\/v2\/comments?post=23230"}],"version-history":[{"count":1,"href":"http:\/\/www.perupesquero.org\/web\/wp-json\/wp\/v2\/posts\/23230\/revisions"}],"predecessor-version":[{"id":23232,"href":"http:\/\/www.perupesquero.org\/web\/wp-json\/wp\/v2\/posts\/23230\/revisions\/23232"}],"wp:featuredmedia":[{"embeddable":true,"href":"http:\/\/www.perupesquero.org\/web\/wp-json\/wp\/v2\/media\/23231"}],"wp:attachment":[{"href":"http:\/\/www.perupesquero.org\/web\/wp-json\/wp\/v2\/media?parent=23230"}],"wp:term":[{"taxonomy":"category","embeddable":true,"href":"http:\/\/www.perupesquero.org\/web\/wp-json\/wp\/v2\/categories?post=23230"},{"taxonomy":"post_tag","embeddable":true,"href":"http:\/\/www.perupesquero.org\/web\/wp-json\/wp\/v2\/tags?post=23230"}],"curies":[{"name":"wp","href":"https:\/\/api.w.org\/{rel}","templated":true}]}}