{"id":23211,"date":"2021-10-01T06:32:34","date_gmt":"2021-10-01T11:32:34","guid":{"rendered":"http:\/\/www.perupesquero.org\/web\/?p=23211"},"modified":"2021-10-01T06:32:35","modified_gmt":"2021-10-01T11:32:35","slug":"indeci-faenas-de-pesca-deberan-suspenderse-por-presencia-de-oleajes-intensos","status":"publish","type":"post","link":"http:\/\/www.perupesquero.org\/web\/indeci-faenas-de-pesca-deberan-suspenderse-por-presencia-de-oleajes-intensos\/","title":{"rendered":"INDECI: Faenas de pesca deber\u00e1n suspenderse por presencia de oleajes intensos"},"content":{"rendered":"\n<p>El Instituto Nacional de Defensa Civil (Indeci) recomend\u00f3 medidas de preparaci\u00f3n ante el Aviso Oceanogr\u00e1fico Especial N.\u00b0 59 emitido por la Direcci\u00f3n de Hidrograf\u00eda y Navegaci\u00f3n (DHN) de la Marina de Guerra del Per\u00fa, sobre la ocurrencia de oleajes de ligera a fuerte intensidad en todo el litoral del pa\u00eds desde hoy viernes 1 al martes 5 de octubre.<\/p>\n\n\n\n<p>Este fen\u00f3meno oceanogr\u00e1fico se dar\u00e1 entre ligero y moderado en toda la costa, a excepci\u00f3n de la zona comprendida entre las localidades de Cerro Azul (Lima) y San Juan (Ica), del litoral centro, en donde habr\u00e1 oleajes fuertes entre la ma\u00f1ana del s\u00e1bado 2 y la del domingo 3, seg\u00fan se\u00f1ala el informe.<\/p>\n\n\n\n<p>Ante esta situaci\u00f3n, el Indeci exhorta a las autoridades regionales y locales orientar a la poblaci\u00f3n respecto a medidas de protecci\u00f3n espec\u00edficas, evitando exponerse a este fen\u00f3meno para prevenir accidentes y\/o da\u00f1os personales y material<\/p>\n\n\n\n<p><br>Asimismo, se recomienda suspender las actividades portuarias y de pesca, as\u00ed como asegurar las embarcaciones y\/o retirar las flotas peque\u00f1as hacia tierra firme.&nbsp;<\/p>\n\n\n\n<p>De la misma manera, se deben evitar actividades deportivas y recreativas durante el periodo de oleaje, as\u00ed como campamentos cerca de las zonas de playa.<\/p>\n","protected":false},"excerpt":{"rendered":"<p>El Instituto Nacional de Defensa Civil (Indeci) recomend\u00f3 medidas de preparaci\u00f3n ante el Aviso Oceanogr\u00e1fico Especial N.\u00b0 59 emitido por la Direcci\u00f3n de Hidrograf\u00eda y Navegaci\u00f3n (DHN) de la Marina de Guerra del Per\u00fa, sobre la ocurrencia de oleajes de ligera a fuerte intensidad en todo el litoral del pa\u00eds desde hoy viernes 1 al [&hellip;]<\/p>\n","protected":false},"author":2,"featured_media":23212,"comment_status":"open","ping_status":"open","sticky":false,"template":"","format":"standard","meta":{"footnotes":""},"categories":[63],"tags":[],"class_list":["post-23211","post","type-post","status-publish","format-standard","has-post-thumbnail","hentry","category-noticias"],"_links":{"self":[{"href":"http:\/\/www.perupesquero.org\/web\/wp-json\/wp\/v2\/posts\/23211","targetHints":{"allow":["GET"]}}],"collection":[{"href":"http:\/\/www.perupesquero.org\/web\/wp-json\/wp\/v2\/posts"}],"about":[{"href":"http:\/\/www.perupesquero.org\/web\/wp-json\/wp\/v2\/types\/post"}],"author":[{"embeddable":true,"href":"http:\/\/www.perupesquero.org\/web\/wp-json\/wp\/v2\/users\/2"}],"replies":[{"embeddable":true,"href":"http:\/\/www.perupesquero.org\/web\/wp-json\/wp\/v2\/comments?post=23211"}],"version-history":[{"count":2,"href":"http:\/\/www.perupesquero.org\/web\/wp-json\/wp\/v2\/posts\/23211\/revisions"}],"predecessor-version":[{"id":23214,"href":"http:\/\/www.perupesquero.org\/web\/wp-json\/wp\/v2\/posts\/23211\/revisions\/23214"}],"wp:featuredmedia":[{"embeddable":true,"href":"http:\/\/www.perupesquero.org\/web\/wp-json\/wp\/v2\/media\/23212"}],"wp:attachment":[{"href":"http:\/\/www.perupesquero.org\/web\/wp-json\/wp\/v2\/media?parent=23211"}],"wp:term":[{"taxonomy":"category","embeddable":true,"href":"http:\/\/www.perupesquero.org\/web\/wp-json\/wp\/v2\/categories?post=23211"},{"taxonomy":"post_tag","embeddable":true,"href":"http:\/\/www.perupesquero.org\/web\/wp-json\/wp\/v2\/tags?post=23211"}],"curies":[{"name":"wp","href":"https:\/\/api.w.org\/{rel}","templated":true}]}}