{"id":23193,"date":"2021-09-30T06:28:15","date_gmt":"2021-09-30T11:28:15","guid":{"rendered":"http:\/\/www.perupesquero.org\/web\/?p=23193"},"modified":"2021-09-30T06:28:16","modified_gmt":"2021-09-30T11:28:16","slug":"semana-climatica-2021-reducir-vulnerabilidad-ante-futuros-danos-naturales","status":"publish","type":"post","link":"http:\/\/www.perupesquero.org\/web\/semana-climatica-2021-reducir-vulnerabilidad-ante-futuros-danos-naturales\/","title":{"rendered":"Semana Clim\u00e1tica 2021:  Reducir vulnerabilidad ante futuros da\u00f1os naturales"},"content":{"rendered":"\n<p>El Ministerio del Ambiente (Minam) inaugur\u00f3 la Semana Clim\u00e1tica 2021 y reafirm\u00f3 su compromiso de avanzar en la implementaci\u00f3n de Nuestro Desaf\u00edo Clim\u00e1tico (NDC), cuyos objetivos buscan reducir la vulnerabilidad ante los peligros asociados al cambio clim\u00e1tico en siete \u00e1reas priorizadas: agricultura, bosques, pesca y acuicultura, salud, agua, turismo y transporte.<\/p>\n\n\n\n<p>As\u00ed lo expres\u00f3 el\u00a0<strong>viceministro de Desarrollo Estrat\u00e9gico de los Recursos Naturales del\u00a0<a rel=\"noreferrer noopener\" href=\"https:\/\/andina.pe\/agencia\/noticia-ministerio-del-ambiente-destaca-llamado-a-accion-climatica-informe-del-ipcc-857127.aspx\" target=\"_blank\">Minam<\/a>, Alfredo Mamani<\/strong>, quien agreg\u00f3 que otro<strong>\u00a0objetivo es reducir las emisiones de\u00a0<a rel=\"noreferrer noopener\" href=\"https:\/\/andina.pe\/agencia\/noticia-conoce-10-claves-para-entender-que-significa-cambio-climatico-770544.aspx\" target=\"_blank\">gases de efecto invernadero<\/a><\/strong>\u00a0en cinco sectores energ\u00eda, procesos industriales, desechos, agricultura, y uso y cambio de uso de la tierra y silvicultura).<\/p>\n\n\n\n<p>&#8220;Frente a la\u00a0<strong><a rel=\"noreferrer noopener\" href=\"https:\/\/andina.pe\/agencia\/noticia-cambio-climatico-se-avecina-menos-lluvias-y-dias-mas-calidos-los-proximos-20-anos-858230.aspx\" target=\"_blank\">crisis clim\u00e1tica<\/a><\/strong>, reafirmamos nuestro compromiso de avanzar en la implementaci\u00f3n de las medidas de adaptaci\u00f3n y de mitigaci\u00f3n, nuestra mejor herencia para las futuras generaciones&#8221;, asever\u00f3 ayer durante la sesi\u00f3n inaugural de la Semana Clim\u00e1tica 2021, desarrollada a fin de\u00a0<strong>articular esfuerzos con diversos representantes de la sociedad civil\u00a0<\/strong>en la implementaci\u00f3n de las medidas de adaptaci\u00f3n y mitigaci\u00f3n al cambio clim\u00e1tico.<\/p>\n\n\n\n<p> En su primera sesi\u00f3n, participaron m\u00e1s de 200 representantes de gobiernos regionales y locales; pueblos ind\u00edgenas, sociedad civil organizada y otros actores vinculados a la acci\u00f3n clim\u00e1tica que forman parte de dicha iniciativa que comprende un total de 10 sesiones (del 27 al 30 de setiembre). <\/p>\n\n\n\n<p> En ese marco, Rosa Morales, directora general de Cambio Clim\u00e1tico y Desertificaci\u00f3n del Minam, present\u00f3 los principales logros de la gesti\u00f3n integral del cambio clim\u00e1tico y los hitos que se esperan alcanzar al 2025. \u201cEl Per\u00fa reafirma su compromiso con el Acuerdo de Par\u00eds, apostando por un ambiente saludable, en armon\u00eda con un desarrollo sostenible, el bienestar de la sociedad y con un sentido de urgencia y ambici\u00f3n\u201d, subray\u00f3. <\/p>\n\n\n\n<p>Fuente: Ministerio del Ambiente <\/p>\n","protected":false},"excerpt":{"rendered":"<p>El Ministerio del Ambiente (Minam) inaugur\u00f3 la Semana Clim\u00e1tica 2021 y reafirm\u00f3 su compromiso de avanzar en la implementaci\u00f3n de Nuestro Desaf\u00edo Clim\u00e1tico (NDC), cuyos objetivos buscan reducir la vulnerabilidad ante los peligros asociados al cambio clim\u00e1tico en siete \u00e1reas priorizadas: agricultura, bosques, pesca y acuicultura, salud, agua, turismo y transporte. As\u00ed lo expres\u00f3 el\u00a0viceministro [&hellip;]<\/p>\n","protected":false},"author":2,"featured_media":23194,"comment_status":"open","ping_status":"open","sticky":false,"template":"","format":"standard","meta":{"footnotes":""},"categories":[63],"tags":[],"class_list":["post-23193","post","type-post","status-publish","format-standard","has-post-thumbnail","hentry","category-noticias"],"_links":{"self":[{"href":"http:\/\/www.perupesquero.org\/web\/wp-json\/wp\/v2\/posts\/23193","targetHints":{"allow":["GET"]}}],"collection":[{"href":"http:\/\/www.perupesquero.org\/web\/wp-json\/wp\/v2\/posts"}],"about":[{"href":"http:\/\/www.perupesquero.org\/web\/wp-json\/wp\/v2\/types\/post"}],"author":[{"embeddable":true,"href":"http:\/\/www.perupesquero.org\/web\/wp-json\/wp\/v2\/users\/2"}],"replies":[{"embeddable":true,"href":"http:\/\/www.perupesquero.org\/web\/wp-json\/wp\/v2\/comments?post=23193"}],"version-history":[{"count":1,"href":"http:\/\/www.perupesquero.org\/web\/wp-json\/wp\/v2\/posts\/23193\/revisions"}],"predecessor-version":[{"id":23195,"href":"http:\/\/www.perupesquero.org\/web\/wp-json\/wp\/v2\/posts\/23193\/revisions\/23195"}],"wp:featuredmedia":[{"embeddable":true,"href":"http:\/\/www.perupesquero.org\/web\/wp-json\/wp\/v2\/media\/23194"}],"wp:attachment":[{"href":"http:\/\/www.perupesquero.org\/web\/wp-json\/wp\/v2\/media?parent=23193"}],"wp:term":[{"taxonomy":"category","embeddable":true,"href":"http:\/\/www.perupesquero.org\/web\/wp-json\/wp\/v2\/categories?post=23193"},{"taxonomy":"post_tag","embeddable":true,"href":"http:\/\/www.perupesquero.org\/web\/wp-json\/wp\/v2\/tags?post=23193"}],"curies":[{"name":"wp","href":"https:\/\/api.w.org\/{rel}","templated":true}]}}