{"id":2308,"date":"2014-10-24T15:49:37","date_gmt":"2014-10-24T20:49:37","guid":{"rendered":"http:\/\/www.perupesquero.org\/?p=2308"},"modified":"2014-10-24T15:49:37","modified_gmt":"2014-10-24T20:49:37","slug":"produce-asistira-a-mision-gubernamental-de-acuicultura-en-espana","status":"publish","type":"post","link":"http:\/\/www.perupesquero.org\/web\/produce-asistira-a-mision-gubernamental-de-acuicultura-en-espana\/","title":{"rendered":"Produce asistir\u00e1 a Misi\u00f3n Gubernamental de Acuicultura en Espa\u00f1a"},"content":{"rendered":"<p style=\"text-align: justify;\">El Viceministro de Pesquer\u00eda, Juan Carlos Requejo, participar\u00e1 en la Misi\u00f3n Gubernamental de Acuicultura que se desarrollar\u00e1 en la Ciudad de Vigo, Espa\u00f1a, del 27 al 31 de octubre del presente a\u00f1o.<\/p>\n<p style=\"text-align: justify;\">De acuerdo a una resoluci\u00f3n suprema, la misi\u00f3n a realizarse en Espa\u00f1a permitir\u00e1 conocer la actividad acu\u00edcola en dicho pa\u00eds.<\/p>\n<p style=\"text-align: justify;\">Asimismo, permitir\u00e1 conocer los aspectos sanitarios de la producci\u00f3n de Moluscos bivalvos, en la que Galicia tiene una participaci\u00f3n relevante dentro de la Uni\u00f3n Europea (UE).<\/p>\n<p style=\"text-align: justify;\">En Galicia se ubica el Instituto Tecnol\u00f3gico para el Control del Medio Ambiente Marino (Intecmar), el cual realiza actividades de control de la calidad del medio marino y la aplicaci\u00f3n de las disposiciones legales en materia de control t\u00e9cnico-sanitario de los productos del Mar.<\/p>\n<p style=\"text-align: justify;\"><strong>FUENTE:<\/strong> Andina.com.pe<\/p>\n","protected":false},"excerpt":{"rendered":"<p>El Viceministro de Pesquer\u00eda, Juan Carlos Requejo, participar\u00e1 en la Misi\u00f3n Gubernamental de Acuicultura que se desarrollar\u00e1 en la Ciudad de Vigo, Espa\u00f1a, del 27 al 31 de octubre del presente a\u00f1o. De acuerdo a una resoluci\u00f3n suprema, la misi\u00f3n a realizarse en Espa\u00f1a permitir\u00e1 conocer la actividad acu\u00edcola en dicho pa\u00eds. Asimismo, permitir\u00e1 conocer [&hellip;]<\/p>\n","protected":false},"author":2,"featured_media":2166,"comment_status":"open","ping_status":"open","sticky":false,"template":"","format":"standard","meta":{"footnotes":""},"categories":[78,63,67],"tags":[492,842,943,1863],"class_list":["post-2308","post","type-post","status-publish","format-standard","has-post-thumbnail","hentry","category-nacionales","category-noticias","category-pesqueria","tag-ciudad-de-vigo","tag-galicia","tag-intecmar","tag-viceministro-de-pesqueria"],"_links":{"self":[{"href":"http:\/\/www.perupesquero.org\/web\/wp-json\/wp\/v2\/posts\/2308","targetHints":{"allow":["GET"]}}],"collection":[{"href":"http:\/\/www.perupesquero.org\/web\/wp-json\/wp\/v2\/posts"}],"about":[{"href":"http:\/\/www.perupesquero.org\/web\/wp-json\/wp\/v2\/types\/post"}],"author":[{"embeddable":true,"href":"http:\/\/www.perupesquero.org\/web\/wp-json\/wp\/v2\/users\/2"}],"replies":[{"embeddable":true,"href":"http:\/\/www.perupesquero.org\/web\/wp-json\/wp\/v2\/comments?post=2308"}],"version-history":[{"count":0,"href":"http:\/\/www.perupesquero.org\/web\/wp-json\/wp\/v2\/posts\/2308\/revisions"}],"wp:featuredmedia":[{"embeddable":true,"href":"http:\/\/www.perupesquero.org\/web\/wp-json\/"}],"wp:attachment":[{"href":"http:\/\/www.perupesquero.org\/web\/wp-json\/wp\/v2\/media?parent=2308"}],"wp:term":[{"taxonomy":"category","embeddable":true,"href":"http:\/\/www.perupesquero.org\/web\/wp-json\/wp\/v2\/categories?post=2308"},{"taxonomy":"post_tag","embeddable":true,"href":"http:\/\/www.perupesquero.org\/web\/wp-json\/wp\/v2\/tags?post=2308"}],"curies":[{"name":"wp","href":"https:\/\/api.w.org\/{rel}","templated":true}]}}