{"id":2264,"date":"2014-10-21T15:31:58","date_gmt":"2014-10-21T20:31:58","guid":{"rendered":"http:\/\/www.perupesquero.org\/?p=2264"},"modified":"2014-10-21T15:31:58","modified_gmt":"2014-10-21T20:31:58","slug":"tacna-registraran-frontera-maritima-peruano-chilena-ante-la-onu","status":"publish","type":"post","link":"http:\/\/www.perupesquero.org\/web\/tacna-registraran-frontera-maritima-peruano-chilena-ante-la-onu\/","title":{"rendered":"TACNA &#8211; Registrar\u00e1n frontera mar\u00edtima peruano-chilena ante la ONU"},"content":{"rendered":"<p style=\"text-align: justify;\">Las canciller\u00edas de Per\u00fa y Chile trabajan para que la adecuaci\u00f3n de las normas internas cumplan con el fallo de la Corte Internacional de Justicia de la Haya, que fija el l\u00edmite mar\u00edtimo fronterizo entre Per\u00fa y Chile, sea registrado ante las Organizaci\u00f3n de Naciones Unidas (ONU) para su reconocimiento definitivo.<br \/>\nEn su visita, el Canciller Gonzalo Guti\u00e9rrez, explic\u00f3 que ya se cumpli\u00f3 con definir las coordenadas de la Frontera mar\u00edtima, la cual sostuvo no implica ninguna reforma constitucional o que se deba adecuar a la Convenci\u00f3n del Mar, ya que no est\u00e1 en discusi\u00f3n.<br \/>\nSe\u00f1al\u00f3 que ya se dio cumplimiento al fallo emitido el 27 de enero pasado, anotando que se tiene soberan\u00eda sobre los 55 mil km2 de Mar recuperado.<br \/>\nResalt\u00f3 que un breve tiempo se realiz\u00f3 el cumplimiento del fallo de la Haya por el se aprob\u00f3 la nueva l\u00ednea base de dominio mar\u00edtimo y se cambi\u00f3 la cartograf\u00eda.<br \/>\nDestacando que por los estudios del Instituto del Mar del Per\u00fa, la zona recuperado guarda gran cantidad de recursos hidrobiol\u00f3gicos que son para el aprovechamiento del sector pesquero peruano.<\/p>\n<p style=\"text-align: justify;\"><strong>FUENTE:<\/strong> Diariocorreo.pe<\/p>\n","protected":false},"excerpt":{"rendered":"<p>Las canciller\u00edas de Per\u00fa y Chile trabajan para que la adecuaci\u00f3n de las normas internas cumplan con el fallo de la Corte Internacional de Justicia de la Haya, que fija el l\u00edmite mar\u00edtimo fronterizo entre Per\u00fa y Chile, sea registrado ante las Organizaci\u00f3n de Naciones Unidas (ONU) para su reconocimiento definitivo. En su visita, el [&hellip;]<\/p>\n","protected":false},"author":2,"featured_media":2265,"comment_status":"open","ping_status":"open","sticky":false,"template":"","format":"standard","meta":{"footnotes":""},"categories":[63,72],"tags":[449,839,1103,1347],"class_list":["post-2264","post","type-post","status-publish","format-standard","has-post-thumbnail","hentry","category-noticias","category-regionales","tag-chile","tag-frontera-maritima","tag-mar","tag-peru"],"_links":{"self":[{"href":"http:\/\/www.perupesquero.org\/web\/wp-json\/wp\/v2\/posts\/2264","targetHints":{"allow":["GET"]}}],"collection":[{"href":"http:\/\/www.perupesquero.org\/web\/wp-json\/wp\/v2\/posts"}],"about":[{"href":"http:\/\/www.perupesquero.org\/web\/wp-json\/wp\/v2\/types\/post"}],"author":[{"embeddable":true,"href":"http:\/\/www.perupesquero.org\/web\/wp-json\/wp\/v2\/users\/2"}],"replies":[{"embeddable":true,"href":"http:\/\/www.perupesquero.org\/web\/wp-json\/wp\/v2\/comments?post=2264"}],"version-history":[{"count":0,"href":"http:\/\/www.perupesquero.org\/web\/wp-json\/wp\/v2\/posts\/2264\/revisions"}],"wp:featuredmedia":[{"embeddable":true,"href":"http:\/\/www.perupesquero.org\/web\/wp-json\/"}],"wp:attachment":[{"href":"http:\/\/www.perupesquero.org\/web\/wp-json\/wp\/v2\/media?parent=2264"}],"wp:term":[{"taxonomy":"category","embeddable":true,"href":"http:\/\/www.perupesquero.org\/web\/wp-json\/wp\/v2\/categories?post=2264"},{"taxonomy":"post_tag","embeddable":true,"href":"http:\/\/www.perupesquero.org\/web\/wp-json\/wp\/v2\/tags?post=2264"}],"curies":[{"name":"wp","href":"https:\/\/api.w.org\/{rel}","templated":true}]}}