{"id":22307,"date":"2021-07-14T15:36:10","date_gmt":"2021-07-14T20:36:10","guid":{"rendered":"http:\/\/www.perupesquero.org\/web\/?p=22307"},"modified":"2021-07-14T15:36:12","modified_gmt":"2021-07-14T20:36:12","slug":"la-conferencia-mundial-del-atun-abordara-en-vigo-en-septiembre-las-tendencias-del-sector","status":"publish","type":"post","link":"http:\/\/www.perupesquero.org\/web\/la-conferencia-mundial-del-atun-abordara-en-vigo-en-septiembre-las-tendencias-del-sector\/","title":{"rendered":"La Conferencia Mundial del at\u00fan abordar\u00e1 en Vigo en septiembre las tendencias del sector"},"content":{"rendered":"\n<p>La Conferencia Mundial del At\u00fan abordar\u00e1 las tendencias del sector y la gesti\u00f3n sostenible de los stocks en su d\u00e9cima edici\u00f3n, que se celebrar\u00e1 en la sede de Afundaci\u00f3n en Vigo y de forma telem\u00e1tica entre el 13 y el 14 de septiembre.<\/p>\n\n\n\n<p>Durante la presentaci\u00f3n del evento, realizada este mi\u00e9rcoles en la urbe ol\u00edvica, el secretario general de Anfaco-Cecopesca, Juan Manuel Vieites, ha detallado que el lema escogido para la nueva edici\u00f3n ha sido &#8216;Disrupt your business&#8217; y que esta congregar\u00e1 representantes de pa\u00edses cuya producci\u00f3n suma el 90% de la mundial en el \u00e1mbito de las conservas de at\u00fan.<\/p>\n\n\n\n<p>En concreto, ha precisado que la conferencia contar\u00e1 con la participaci\u00f3n presencial y telem\u00e1tica de directivos de empresas atuneras de pa\u00edses de los distintos continentes, como Espa\u00f1a, Portugal, Francia, Italia, Reino Unido, Pa\u00edses Bajos, B\u00e9lgica, Ecuador, Estados Unidos, Per\u00fa, Brasil, Guatemala, El Salvador, Argelia, Ghana, Cabo Verde, Tailandia, China y Filipinas, entre otros.<\/p>\n\n\n\n<p>De este modo, ha resaltado que &#8220;ponentes de primer nivel&#8221; debatir\u00e1n sobre &#8220;los \u00faltimos desarrollos del sector atunero a nivel global&#8221; y &#8220;aspectos relevantes que afectan a su competitividad&#8221;. As\u00ed, ha indicado que se aspira a crear un punto de encuentro en el que se desarrollen an\u00e1lisis y debates sobre las tendencias del mercado, la gesti\u00f3n sostenible de los stocks, la informaci\u00f3n al consumidor, la innovaci\u00f3n y la tecnolog\u00eda y otras herramientas.<\/p>\n\n\n\n<p>El evento se enmarca en el Foro Internacional de Conservaci\u00f3n de Productos de la Pesca de Galicia creado por Anfaco-Cecopesca en 1995. Precisamente, la patronal conservera es, junto a Funpromar, la organizadora de la conferencia.<\/p>\n\n\n\n<p>En paralelo a este encuentro, Vieites ha apuntado que Vigo acoger\u00e1 la Tuna Factory Exhibition, la entrega de los galardones Tuna Awards 2021, la celebraci\u00f3n de la Asamblea General de la organizaci\u00f3n europea del sector Eurothon y una reuni\u00f3n del Comit\u00e9 de Direcci\u00f3n del Observatorio de Trazabilidad.<\/p>\n\n\n\n<p>Asimismo, ha se\u00f1alado que el at\u00fan representa el 69% de la producci\u00f3n de conservas de pescados y mariscos por su volumen en Espa\u00f1a. As\u00ed, ha recalcado que este pa\u00eds supone el principal productor de preparados de at\u00fan a nivel europeo y el segundo del mundo despu\u00e9s de Tailanda.<\/p>\n\n\n\n<p>ADAPTACI\u00d3N A LA PANDEMIA<\/p>\n\n\n\n<p>Por su parte, la conselleira do Mar, Rosa Quintana, ha valorado la apuesta por la organizaci\u00f3n de una nueva edici\u00f3n de esta conferencia &#8220;con todas las garant\u00edas sanitarias&#8221; y ha ensalzado la capacidad del sector para adaptarse a la situaci\u00f3n derivada de la pandemia con un incremento de sus exportaciones y sus ventas telem\u00e1ticas.<\/p>\n\n\n\n<p>Adem\u00e1s, ha reivindicado la colaboraci\u00f3n p\u00fablico-privada como clave para que las empresas de la comunidad &#8220;sigan siendo l\u00edderes&#8221; en este \u00e1mbito y ha remarcado la importancia de que la flota gallega pueda &#8220;competir en igualdad de condiciones&#8221; con las dem\u00e1s.<\/p>\n\n\n\n<p>Adicionalmente, Rosa Quintana ha se\u00f1alado que la Xunta apoya al sector con ayudas por valor de 4 millones de euros para compensar la ca\u00edda de ingresos en empresas de transformaci\u00f3n de pescado y marisco entre el 1 de febrero y el 31 de diciembre de 2020 por la pandemia.<\/p>\n\n\n\n<p>Tambi\u00e9n ha subrayado que el presupuesto consignado para las subvenciones para mejoras en pymes de transformaci\u00f3n de productos se ha incrementado en m\u00e1s de 6,4 millones de euros hasta los 22,4 millones para atender todas las solicitudes que cumplen los requisitos.<\/p>\n","protected":false},"excerpt":{"rendered":"<p>La Conferencia Mundial del At\u00fan abordar\u00e1 las tendencias del sector y la gesti\u00f3n sostenible de los stocks en su d\u00e9cima edici\u00f3n, que se celebrar\u00e1 en la sede de Afundaci\u00f3n en Vigo y de forma telem\u00e1tica entre el 13 y el 14 de septiembre. Durante la presentaci\u00f3n del evento, realizada este mi\u00e9rcoles en la urbe ol\u00edvica, [&hellip;]<\/p>\n","protected":false},"author":2,"featured_media":22308,"comment_status":"open","ping_status":"open","sticky":false,"template":"","format":"standard","meta":{"footnotes":""},"categories":[63],"tags":[],"class_list":["post-22307","post","type-post","status-publish","format-standard","has-post-thumbnail","hentry","category-noticias"],"_links":{"self":[{"href":"http:\/\/www.perupesquero.org\/web\/wp-json\/wp\/v2\/posts\/22307","targetHints":{"allow":["GET"]}}],"collection":[{"href":"http:\/\/www.perupesquero.org\/web\/wp-json\/wp\/v2\/posts"}],"about":[{"href":"http:\/\/www.perupesquero.org\/web\/wp-json\/wp\/v2\/types\/post"}],"author":[{"embeddable":true,"href":"http:\/\/www.perupesquero.org\/web\/wp-json\/wp\/v2\/users\/2"}],"replies":[{"embeddable":true,"href":"http:\/\/www.perupesquero.org\/web\/wp-json\/wp\/v2\/comments?post=22307"}],"version-history":[{"count":1,"href":"http:\/\/www.perupesquero.org\/web\/wp-json\/wp\/v2\/posts\/22307\/revisions"}],"predecessor-version":[{"id":22309,"href":"http:\/\/www.perupesquero.org\/web\/wp-json\/wp\/v2\/posts\/22307\/revisions\/22309"}],"wp:featuredmedia":[{"embeddable":true,"href":"http:\/\/www.perupesquero.org\/web\/wp-json\/wp\/v2\/media\/22308"}],"wp:attachment":[{"href":"http:\/\/www.perupesquero.org\/web\/wp-json\/wp\/v2\/media?parent=22307"}],"wp:term":[{"taxonomy":"category","embeddable":true,"href":"http:\/\/www.perupesquero.org\/web\/wp-json\/wp\/v2\/categories?post=22307"},{"taxonomy":"post_tag","embeddable":true,"href":"http:\/\/www.perupesquero.org\/web\/wp-json\/wp\/v2\/tags?post=22307"}],"curies":[{"name":"wp","href":"https:\/\/api.w.org\/{rel}","templated":true}]}}