{"id":21957,"date":"2021-06-10T16:46:39","date_gmt":"2021-06-10T21:46:39","guid":{"rendered":"http:\/\/www.perupesquero.org\/web\/?p=21957"},"modified":"2021-06-10T16:46:40","modified_gmt":"2021-06-10T21:46:40","slug":"mazatlan-piden-armadores-a-gobernador-electo-atencion-a-la-pesca","status":"publish","type":"post","link":"http:\/\/www.perupesquero.org\/web\/mazatlan-piden-armadores-a-gobernador-electo-atencion-a-la-pesca\/","title":{"rendered":"Mazatl\u00e1n: Piden armadores a gobernador electo atenci\u00f3n a la pesca"},"content":{"rendered":"\n<p>Con el&nbsp;arrasador&nbsp;resultado del&nbsp;Movimiento&nbsp;de&nbsp;Regeneraci\u00f3n Nacional&nbsp;en&nbsp;Sinaloa, tanto en la&nbsp;gubernatura,&nbsp;alcald\u00edas,&nbsp;diputaciones locales&nbsp;y&nbsp;federales&nbsp;en las&nbsp;recientes elecciones, el&nbsp;sector pesquero&nbsp;espera que&nbsp;ahora s\u00ed&nbsp;se le&nbsp;cumpla&nbsp;a la&nbsp;actividad&nbsp;en sus&nbsp;diferentes problem\u00e1ticas&nbsp;y&nbsp;necesidades.<\/p>\n\n\n\n<p>El presidente de la Uni\u00f3n de Armadores del Litoral del Pac\u00edfico, Jes\u00fas Omar Liz\u00e1rraga Manjarrez, confi\u00f3 en que el gobernador y diputados electos se interesen en el tema y tengan voluntad de encabezar las gestiones que ya urgen ante el gobierno federal.<\/p>\n\n\n\n<p>Estima que el hecho de que el partido al que representa el presidente Andr\u00e9s Manuel L\u00f3pez Obrador haya conseguido el triunfo en la entidad, sirva para que se voltee a ver a la pesca.<\/p>\n\n\n\n<p><em>\u201cEsta Cuarta Transformaci\u00f3n hizo promesas en campa\u00f1a, que a la fecha pues desafortunadamente no le han cumplido a este sector y esperemos que ahora que tenemos esta Cuarta Transformaci\u00f3n m\u00e1s de cerca aqu\u00ed en Sinaloa, esperemos que los resultados, la gesti\u00f3n ante el presidente de la Rep\u00fablica pues sean todav\u00eda m\u00e1s cercana a la que tuvo el actual gobernador<\/em>\u201d, dijo.<\/p>\n\n\n\n<p>Liz\u00e1rraga Manjarrez lament\u00f3 que desde el inicio el gobierno de Andr\u00e9s Manuel L\u00f3pez Obrador se ha incumplido con las promesas hechas en campa\u00f1a, con la eliminaci\u00f3n de diferentes programas que ten\u00eda el sector.<\/p>\n\n\n\n<p>Fuente: Sol de Mazatl\u00e1n<\/p>\n","protected":false},"excerpt":{"rendered":"<p>Con el&nbsp;arrasador&nbsp;resultado del&nbsp;Movimiento&nbsp;de&nbsp;Regeneraci\u00f3n Nacional&nbsp;en&nbsp;Sinaloa, tanto en la&nbsp;gubernatura,&nbsp;alcald\u00edas,&nbsp;diputaciones locales&nbsp;y&nbsp;federales&nbsp;en las&nbsp;recientes elecciones, el&nbsp;sector pesquero&nbsp;espera que&nbsp;ahora s\u00ed&nbsp;se le&nbsp;cumpla&nbsp;a la&nbsp;actividad&nbsp;en sus&nbsp;diferentes problem\u00e1ticas&nbsp;y&nbsp;necesidades. El presidente de la Uni\u00f3n de Armadores del Litoral del Pac\u00edfico, Jes\u00fas Omar Liz\u00e1rraga Manjarrez, confi\u00f3 en que el gobernador y diputados electos se interesen en el tema y tengan voluntad de encabezar las gestiones que ya [&hellip;]<\/p>\n","protected":false},"author":2,"featured_media":21958,"comment_status":"open","ping_status":"open","sticky":false,"template":"","format":"standard","meta":{"footnotes":""},"categories":[63],"tags":[],"class_list":["post-21957","post","type-post","status-publish","format-standard","has-post-thumbnail","hentry","category-noticias"],"_links":{"self":[{"href":"http:\/\/www.perupesquero.org\/web\/wp-json\/wp\/v2\/posts\/21957","targetHints":{"allow":["GET"]}}],"collection":[{"href":"http:\/\/www.perupesquero.org\/web\/wp-json\/wp\/v2\/posts"}],"about":[{"href":"http:\/\/www.perupesquero.org\/web\/wp-json\/wp\/v2\/types\/post"}],"author":[{"embeddable":true,"href":"http:\/\/www.perupesquero.org\/web\/wp-json\/wp\/v2\/users\/2"}],"replies":[{"embeddable":true,"href":"http:\/\/www.perupesquero.org\/web\/wp-json\/wp\/v2\/comments?post=21957"}],"version-history":[{"count":1,"href":"http:\/\/www.perupesquero.org\/web\/wp-json\/wp\/v2\/posts\/21957\/revisions"}],"predecessor-version":[{"id":21959,"href":"http:\/\/www.perupesquero.org\/web\/wp-json\/wp\/v2\/posts\/21957\/revisions\/21959"}],"wp:featuredmedia":[{"embeddable":true,"href":"http:\/\/www.perupesquero.org\/web\/wp-json\/wp\/v2\/media\/21958"}],"wp:attachment":[{"href":"http:\/\/www.perupesquero.org\/web\/wp-json\/wp\/v2\/media?parent=21957"}],"wp:term":[{"taxonomy":"category","embeddable":true,"href":"http:\/\/www.perupesquero.org\/web\/wp-json\/wp\/v2\/categories?post=21957"},{"taxonomy":"post_tag","embeddable":true,"href":"http:\/\/www.perupesquero.org\/web\/wp-json\/wp\/v2\/tags?post=21957"}],"curies":[{"name":"wp","href":"https:\/\/api.w.org\/{rel}","templated":true}]}}