{"id":21384,"date":"2021-04-22T14:35:17","date_gmt":"2021-04-22T19:35:17","guid":{"rendered":"http:\/\/www.perupesquero.org\/web\/?p=21384"},"modified":"2021-04-22T16:30:15","modified_gmt":"2021-04-22T21:30:15","slug":"chile-prohibirian-arrastre-de-la-merluza-dentro-de-las-30-millas-maritimas","status":"publish","type":"post","link":"http:\/\/www.perupesquero.org\/web\/chile-prohibirian-arrastre-de-la-merluza-dentro-de-las-30-millas-maritimas\/","title":{"rendered":"Chile prohibir\u00eda arrastre de la merluza dentro de las 30 millas mar\u00edtimas"},"content":{"rendered":"\n<p>Con motivo de la aprobaci\u00f3n de la indicaci\u00f3n de la comisi\u00f3n de pesca de la c\u00e1mara de diputados sobre el proyecto que busca prohibir la pesca de arrastre respecto de la merluza com\u00fan dentro de las 30 millas mar\u00edtimas a nivel nacional, la&nbsp;<strong>Asipes y Sonapesca&nbsp;<\/strong>lamentaron el nuevo escenario.<\/p>\n\n\n\n<p>Es as\u00ed como la presidenta de Asipes,&nbsp;<strong>Macarena Cepeda<\/strong>, declar\u00f3: \u201cQueremos hacer un llamado al Gobierno para que no permita que este tipo de iniciativas que destruyen empleos, arruinan crecimiento y quitan competitividad, sigan avanzando. Y tambi\u00e9n pedirles a los parlamentarios de la Regi\u00f3n del Biob\u00edo que hagan sus mayores esfuerzos para proteger a nuestra regi\u00f3n y sus trabajadores de legislaciones que son ganancia para otras regiones y pobreza para la nuestra\u201d<strong>.<\/strong><\/p>\n\n\n\n<p>Mientras que desde<strong>\u00a0Sonapesca<\/strong>\u00a0indicaron: \u201cLamentamos la decisi\u00f3n de la comisi\u00f3n de pesca, en la que algunos parlamentarios nuevamente se dejan de lado los argumentos cient\u00edficos esgrimidos por diversas exposiciones de las autoridades, certificadoras internacionales de sustentabilidad, trabajadores, cient\u00edficos y acad\u00e9micos que plantearon que esta red puede hacer pesca sustentable. Hoy, el m\u00e9todo de la pesca de arrastre es el m\u00e1s utilizado en las pesquer\u00edas de las merluzas del mundo\u201d.<\/p>\n\n\n\n<p>diarioconcepcion.cl<\/p>\n","protected":false},"excerpt":{"rendered":"<p>Con motivo de la aprobaci\u00f3n de la indicaci\u00f3n de la comisi\u00f3n de pesca de la c\u00e1mara de diputados sobre el proyecto que busca prohibir la pesca de arrastre respecto de la merluza com\u00fan dentro de las 30 millas mar\u00edtimas a nivel nacional, la&nbsp;Asipes y Sonapesca&nbsp;lamentaron el nuevo escenario. Es as\u00ed como la presidenta de Asipes,&nbsp;Macarena [&hellip;]<\/p>\n","protected":false},"author":2,"featured_media":21385,"comment_status":"open","ping_status":"open","sticky":false,"template":"","format":"standard","meta":{"footnotes":""},"categories":[63],"tags":[],"class_list":["post-21384","post","type-post","status-publish","format-standard","has-post-thumbnail","hentry","category-noticias"],"_links":{"self":[{"href":"http:\/\/www.perupesquero.org\/web\/wp-json\/wp\/v2\/posts\/21384","targetHints":{"allow":["GET"]}}],"collection":[{"href":"http:\/\/www.perupesquero.org\/web\/wp-json\/wp\/v2\/posts"}],"about":[{"href":"http:\/\/www.perupesquero.org\/web\/wp-json\/wp\/v2\/types\/post"}],"author":[{"embeddable":true,"href":"http:\/\/www.perupesquero.org\/web\/wp-json\/wp\/v2\/users\/2"}],"replies":[{"embeddable":true,"href":"http:\/\/www.perupesquero.org\/web\/wp-json\/wp\/v2\/comments?post=21384"}],"version-history":[{"count":2,"href":"http:\/\/www.perupesquero.org\/web\/wp-json\/wp\/v2\/posts\/21384\/revisions"}],"predecessor-version":[{"id":21387,"href":"http:\/\/www.perupesquero.org\/web\/wp-json\/wp\/v2\/posts\/21384\/revisions\/21387"}],"wp:featuredmedia":[{"embeddable":true,"href":"http:\/\/www.perupesquero.org\/web\/wp-json\/wp\/v2\/media\/21385"}],"wp:attachment":[{"href":"http:\/\/www.perupesquero.org\/web\/wp-json\/wp\/v2\/media?parent=21384"}],"wp:term":[{"taxonomy":"category","embeddable":true,"href":"http:\/\/www.perupesquero.org\/web\/wp-json\/wp\/v2\/categories?post=21384"},{"taxonomy":"post_tag","embeddable":true,"href":"http:\/\/www.perupesquero.org\/web\/wp-json\/wp\/v2\/tags?post=21384"}],"curies":[{"name":"wp","href":"https:\/\/api.w.org\/{rel}","templated":true}]}}