{"id":21360,"date":"2021-04-21T11:10:28","date_gmt":"2021-04-21T16:10:28","guid":{"rendered":"http:\/\/www.perupesquero.org\/web\/?p=21360"},"modified":"2021-04-21T11:16:39","modified_gmt":"2021-04-21T16:16:39","slug":"el-primer-ministro-de-corea-insto-a-los-periodistas-del-mundo-ponerse-al-frente-del-cambio-climatico","status":"publish","type":"post","link":"http:\/\/www.perupesquero.org\/web\/el-primer-ministro-de-corea-insto-a-los-periodistas-del-mundo-ponerse-al-frente-del-cambio-climatico\/","title":{"rendered":"El primer ministro de Corea del Sur inst\u00f3 a los periodistas del mundo ponerse al frente del Cambio Clim\u00e1tico"},"content":{"rendered":"\n<p>En conferencia mundial de periodistas de 3 d\u00edas (50 pa\u00edses: Asia, Asia-Pac\u00edfico, \u00c1frica, Am\u00e9rica, Europa y Medio Oriente) el primer ministro de la Rep\u00fablica de Corea, Chung Sye-Kyun, inst\u00f3 a los periodistas, medios de comunicaci\u00f3n y expertos en medio ambiente de diferentes rincones del mundo solidaridad para afrontar el Cambio Clim\u00e1tico.<\/p>\n\n\n\n<p>En su discurso de felicitaci\u00f3n a trav\u00e9s de un int\u00e9rprete en la conferencia, Chung Sye-Kyun dijo que el cambio clim\u00e1tico es el tema donde se concentran tales cambios e incertidumbres.<\/p>\n\n\n\n<p>\u201cEste problema nunca podr\u00e1 resolverse con los esfuerzos de un solo pa\u00eds por s\u00ed solo. Basados \u200b\u200ben la solidaridad y la cooperaci\u00f3n, todos los pa\u00edses deben unir sus cabezas a trav\u00e9s de las fronteras nacionales para encontrar soluciones \u201d, dijo Chung Sye-Kyun.<\/p>\n\n\n\n<p>Chung Sye-Kyun tambi\u00e9n cre\u00eda que cuando \u201clos medios de comunicaci\u00f3n arrojan luz sobre el mundo a trav\u00e9s de una comunicaci\u00f3n veraz y perspectivas equilibradas, su papel como espejo y ventana realmente brillar\u00e1\u201d, y que el gobierno coreano se compromete a hacer su mayor esfuerzo para promover un acercamiento y tambi\u00e9n una comunicaci\u00f3n m\u00e1s transparente con su gente.<\/p>\n\n\n\n<p>La idea com\u00fan de la conferencia sobre el Cambio Clim\u00e1tico coincidi\u00f3 en que no solo se refiere al problema de la seguridad alimentaria, los recursos h\u00eddricos, la agricultura y la pesca, los incendios forestales, el desarrollo econ\u00f3mico y la seguridad laboral, sino que afecta tanto a la vida humana como a la animal y naturaleza.<\/p>\n\n\n\n<p>La discusi\u00f3n del martes tambi\u00e9n plante\u00f3 que el mundo necesita la campa\u00f1a y la cooperaci\u00f3n globales, ya que el cambio clim\u00e1tico no es solo para los periodistas, sino tambi\u00e9n para todos (gobiernos, formuladores de pol\u00edticas, pol\u00edticos y cient\u00edficos) que necesitan unirse para la soluci\u00f3n y actuar ahora.<\/p>\n\n\n\n<p>Al compartir su visi\u00f3n con la conferencia, Nasir Aijaz Sindh, editor en jefe de Courier en Pakist\u00e1n, dijo que es necesario formar una alianza global de periodistas para combatir conjuntamente las amenazas del cambio clim\u00e1tico.<\/p>\n\n\n\n<p>\u201cLa Alianza propuesta deber\u00eda trabajar para capacitar a los periodistas en la cobertura de temas clim\u00e1ticos. Esto podr\u00eda hacerse a trav\u00e9s de las agencias internacionales que trabajan en temas de cambio clim\u00e1tico global. La Alianza propuesta tambi\u00e9n puede monitorear la situaci\u00f3n \/ cobertura de los medios de comunicaci\u00f3n de los problemas clim\u00e1ticos en diferentes pa\u00edses y sugerir las formas y los medios para mejorarla\u201d, dijo Nasir Aijaz Sindh.<\/p>\n\n\n\n<p>Hassan Humeida, con voz de GEOMAR \/ Universidad de Kiel, Universidad de Flensburg, Doctor Alemania, dijo que el periodismo es una profesi\u00f3n importante y responsable que juega un papel importante en la comunicaci\u00f3n del cambio clim\u00e1tico.<\/p>\n\n\n\n<p>Chung Sye-Kyun, presidente de la Asociaci\u00f3n de Periodistas de Corea (JAK), Kim Dong Hoon, dijo que la conferencia preparada bajo el tema \u201cProblemas clim\u00e1ticos globales\u201d es para que los periodistas ideen soluciones y respondan conjuntamente al problema clim\u00e1tico, que est\u00e1 estrechamente relacionado con varios campos, incluyendo la sociedad, el medio ambiente y la vida en todo el mundo.<\/p>\n\n\n\n<p>Kim Dong Hoon tambi\u00e9n expres\u00f3 su esperanza de que los periodistas compartan los contenidos discutidos durante la conferencia con sus compa\u00f1eros periodistas y los difundan a los ciudadanos de cada pa\u00eds para que puedan \u201catraer el inter\u00e9s por las tareas que enfrenta la aldea global y responderlas de manera conjunta\u201d.<\/p>\n\n\n\n<p>Desde 2012, la JAK ha invitado a periodistas de todo el mundo a Corea para discutir el futuro del periodismo y presentar a los invitados las realidades de la naci\u00f3n dividida en la pen\u00ednsula de Corea, as\u00ed como su rica tradici\u00f3n y hermosa cultura.<\/p>\n\n\n\n<p>Sin embargo, debido a la pandemia de COVID-19 en curso desde el a\u00f1o pasado, la conferencia se ha realizado por videoconferencia.<\/p>\n","protected":false},"excerpt":{"rendered":"<p>En conferencia mundial de periodistas de 3 d\u00edas (50 pa\u00edses: Asia, Asia-Pac\u00edfico, \u00c1frica, Am\u00e9rica, Europa y Medio Oriente) el primer ministro de la Rep\u00fablica de Corea, Chung Sye-Kyun, inst\u00f3 a los periodistas, medios de comunicaci\u00f3n y expertos en medio ambiente de diferentes rincones del mundo solidaridad para afrontar el Cambio Clim\u00e1tico. En su discurso de [&hellip;]<\/p>\n","protected":false},"author":2,"featured_media":21361,"comment_status":"open","ping_status":"open","sticky":false,"template":"","format":"standard","meta":{"footnotes":""},"categories":[63],"tags":[],"class_list":["post-21360","post","type-post","status-publish","format-standard","has-post-thumbnail","hentry","category-noticias"],"_links":{"self":[{"href":"http:\/\/www.perupesquero.org\/web\/wp-json\/wp\/v2\/posts\/21360","targetHints":{"allow":["GET"]}}],"collection":[{"href":"http:\/\/www.perupesquero.org\/web\/wp-json\/wp\/v2\/posts"}],"about":[{"href":"http:\/\/www.perupesquero.org\/web\/wp-json\/wp\/v2\/types\/post"}],"author":[{"embeddable":true,"href":"http:\/\/www.perupesquero.org\/web\/wp-json\/wp\/v2\/users\/2"}],"replies":[{"embeddable":true,"href":"http:\/\/www.perupesquero.org\/web\/wp-json\/wp\/v2\/comments?post=21360"}],"version-history":[{"count":5,"href":"http:\/\/www.perupesquero.org\/web\/wp-json\/wp\/v2\/posts\/21360\/revisions"}],"predecessor-version":[{"id":21367,"href":"http:\/\/www.perupesquero.org\/web\/wp-json\/wp\/v2\/posts\/21360\/revisions\/21367"}],"wp:featuredmedia":[{"embeddable":true,"href":"http:\/\/www.perupesquero.org\/web\/wp-json\/wp\/v2\/media\/21361"}],"wp:attachment":[{"href":"http:\/\/www.perupesquero.org\/web\/wp-json\/wp\/v2\/media?parent=21360"}],"wp:term":[{"taxonomy":"category","embeddable":true,"href":"http:\/\/www.perupesquero.org\/web\/wp-json\/wp\/v2\/categories?post=21360"},{"taxonomy":"post_tag","embeddable":true,"href":"http:\/\/www.perupesquero.org\/web\/wp-json\/wp\/v2\/tags?post=21360"}],"curies":[{"name":"wp","href":"https:\/\/api.w.org\/{rel}","templated":true}]}}