{"id":21347,"date":"2021-04-20T19:49:01","date_gmt":"2021-04-21T00:49:01","guid":{"rendered":"http:\/\/www.perupesquero.org\/web\/?p=21347"},"modified":"2021-04-20T19:49:02","modified_gmt":"2021-04-21T00:49:02","slug":"corea-y-china-controlaran-pesca-ilegal-conjuntamente","status":"publish","type":"post","link":"http:\/\/www.perupesquero.org\/web\/corea-y-china-controlaran-pesca-ilegal-conjuntamente\/","title":{"rendered":"Corea y China controlar\u00e1n pesca ilegal conjuntamente"},"content":{"rendered":"\n<p>El Ministerio de Oc\u00e9anos y Pesca anunci\u00f3 el martes 20 que patrullar\u00e1 con China para controlar la pesca ilegal en el Mar Amarillo.\u00a0\u00a0<br><br>Las autoridades pesqueras de ambos pa\u00edses realizar\u00e1n inspecciones conjuntas\u00a0en la zona de administraci\u00f3n compartida del Mar Amarillo desde el d\u00eda 21 hasta el 25 de abril, donde se solapan las zonas econ\u00f3micas exclusivas de Corea del Sur y de China, desde la isla de Daecheongdo hasta las aguas al oeste de Ieodo, al sur de Jeju.\u00a0<br><br>Corea del Sur desplegar\u00e1 una lancha patrullera de dos mil toneladas, mientras que China enviar\u00e1 una embarcaci\u00f3n de tres mil toneladas para controlar las actividades de pesca ilegal en sus respectivos territorios, y una vez finalicen las operaciones compartir\u00e1n resultados mutuamente.\u00a0<br><br>El Ministerio de Oc\u00e9anos tambi\u00e9n solicitar\u00e1 a Beijing reforzar el control sobre los pescadores chinos, que cada vez frecuentan m\u00e1s la zona mar\u00edtima surcoreana\u00a0para faenar ilegalmente en dichas aguas.<\/p>\n\n\n\n<p>KBS WORLD, Photo : YONHAP News<\/p>\n","protected":false},"excerpt":{"rendered":"<p>El Ministerio de Oc\u00e9anos y Pesca anunci\u00f3 el martes 20 que patrullar\u00e1 con China para controlar la pesca ilegal en el Mar Amarillo.\u00a0\u00a0 Las autoridades pesqueras de ambos pa\u00edses realizar\u00e1n inspecciones conjuntas\u00a0en la zona de administraci\u00f3n compartida del Mar Amarillo desde el d\u00eda 21 hasta el 25 de abril, donde se solapan las zonas econ\u00f3micas [&hellip;]<\/p>\n","protected":false},"author":2,"featured_media":21348,"comment_status":"open","ping_status":"open","sticky":false,"template":"","format":"standard","meta":{"footnotes":""},"categories":[63],"tags":[],"class_list":["post-21347","post","type-post","status-publish","format-standard","has-post-thumbnail","hentry","category-noticias"],"_links":{"self":[{"href":"http:\/\/www.perupesquero.org\/web\/wp-json\/wp\/v2\/posts\/21347","targetHints":{"allow":["GET"]}}],"collection":[{"href":"http:\/\/www.perupesquero.org\/web\/wp-json\/wp\/v2\/posts"}],"about":[{"href":"http:\/\/www.perupesquero.org\/web\/wp-json\/wp\/v2\/types\/post"}],"author":[{"embeddable":true,"href":"http:\/\/www.perupesquero.org\/web\/wp-json\/wp\/v2\/users\/2"}],"replies":[{"embeddable":true,"href":"http:\/\/www.perupesquero.org\/web\/wp-json\/wp\/v2\/comments?post=21347"}],"version-history":[{"count":1,"href":"http:\/\/www.perupesquero.org\/web\/wp-json\/wp\/v2\/posts\/21347\/revisions"}],"predecessor-version":[{"id":21349,"href":"http:\/\/www.perupesquero.org\/web\/wp-json\/wp\/v2\/posts\/21347\/revisions\/21349"}],"wp:featuredmedia":[{"embeddable":true,"href":"http:\/\/www.perupesquero.org\/web\/wp-json\/wp\/v2\/media\/21348"}],"wp:attachment":[{"href":"http:\/\/www.perupesquero.org\/web\/wp-json\/wp\/v2\/media?parent=21347"}],"wp:term":[{"taxonomy":"category","embeddable":true,"href":"http:\/\/www.perupesquero.org\/web\/wp-json\/wp\/v2\/categories?post=21347"},{"taxonomy":"post_tag","embeddable":true,"href":"http:\/\/www.perupesquero.org\/web\/wp-json\/wp\/v2\/tags?post=21347"}],"curies":[{"name":"wp","href":"https:\/\/api.w.org\/{rel}","templated":true}]}}