{"id":21301,"date":"2021-04-15T18:57:06","date_gmt":"2021-04-15T23:57:06","guid":{"rendered":"http:\/\/www.perupesquero.org\/web\/?p=21301"},"modified":"2021-04-15T19:28:01","modified_gmt":"2021-04-16T00:28:01","slug":"sistema-de-alerta-ante-el-nino-y-la-nina-costeros-no-activo","status":"publish","type":"post","link":"http:\/\/www.perupesquero.org\/web\/sistema-de-alerta-ante-el-nino-y-la-nina-costeros-no-activo\/","title":{"rendered":"Sistema de alerta ante El Ni\u00f1o y La Ni\u00f1a Costeros: No activo"},"content":{"rendered":"\n<p>La Comisi\u00f3n Multisectorial del ENFEN mantiene el estado del \u201cSistema de alerta ante El Ni\u00f1o y La Ni\u00f1a Costeros\u201d como \u201cNo activo\u201d, debido a que la temperatura superficial del mar en la regi\u00f3n Ni\u00f1o 1+2, que incluye la zona norte y centro del mar peruano, se mantendr\u00eda, en promedio, dentro de su rango normal al menos hasta julio de 2021.<\/p>\n\n\n\n<p>Respecto a las temperaturas del aire a nivel costero, se esperan que durante el oto\u00f1o est\u00e9n en sus rangos normales a lo largo de la costa norte y ligeramente por debajo de lo normal en la costa central y sur.<\/p>\n\n\n\n<p>Por otro lado, se prev\u00e9 que las condiciones oce\u00e1nicas y atmosf\u00e9ricas en el Pac\u00edfico ecuatorial central se presenten dentro de lo normal desde mayo de 2021.<\/p>\n\n\n\n<p>La Comisi\u00f3n Multisectorial del ENFEN continuar\u00e1 monitoreando e informando sobre la evoluci\u00f3n de las condiciones oce\u00e1nicas y atmosf\u00e9ricas, y actualizando sus perspectivas.<\/p>\n\n\n\n<p>Comunicado completo en el siguiente link: <a rel=\"noreferrer noopener\" href=\"https:\/\/t.co\/mjC81apJn2?amp=1\" target=\"_blank\">bit.ly\/3x9iZgu<\/a><\/p>\n\n\n\n<p>Fuente: ENFEN<\/p>\n","protected":false},"excerpt":{"rendered":"<p>La Comisi\u00f3n Multisectorial del ENFEN mantiene el estado del \u201cSistema de alerta ante El Ni\u00f1o y La Ni\u00f1a Costeros\u201d como \u201cNo activo\u201d, debido a que la temperatura superficial del mar en la regi\u00f3n Ni\u00f1o 1+2, que incluye la zona norte y centro del mar peruano, se mantendr\u00eda, en promedio, dentro de su rango normal al [&hellip;]<\/p>\n","protected":false},"author":2,"featured_media":21302,"comment_status":"open","ping_status":"open","sticky":false,"template":"","format":"standard","meta":{"footnotes":""},"categories":[78,63],"tags":[],"class_list":["post-21301","post","type-post","status-publish","format-standard","has-post-thumbnail","hentry","category-nacionales","category-noticias"],"_links":{"self":[{"href":"http:\/\/www.perupesquero.org\/web\/wp-json\/wp\/v2\/posts\/21301","targetHints":{"allow":["GET"]}}],"collection":[{"href":"http:\/\/www.perupesquero.org\/web\/wp-json\/wp\/v2\/posts"}],"about":[{"href":"http:\/\/www.perupesquero.org\/web\/wp-json\/wp\/v2\/types\/post"}],"author":[{"embeddable":true,"href":"http:\/\/www.perupesquero.org\/web\/wp-json\/wp\/v2\/users\/2"}],"replies":[{"embeddable":true,"href":"http:\/\/www.perupesquero.org\/web\/wp-json\/wp\/v2\/comments?post=21301"}],"version-history":[{"count":2,"href":"http:\/\/www.perupesquero.org\/web\/wp-json\/wp\/v2\/posts\/21301\/revisions"}],"predecessor-version":[{"id":21304,"href":"http:\/\/www.perupesquero.org\/web\/wp-json\/wp\/v2\/posts\/21301\/revisions\/21304"}],"wp:featuredmedia":[{"embeddable":true,"href":"http:\/\/www.perupesquero.org\/web\/wp-json\/wp\/v2\/media\/21302"}],"wp:attachment":[{"href":"http:\/\/www.perupesquero.org\/web\/wp-json\/wp\/v2\/media?parent=21301"}],"wp:term":[{"taxonomy":"category","embeddable":true,"href":"http:\/\/www.perupesquero.org\/web\/wp-json\/wp\/v2\/categories?post=21301"},{"taxonomy":"post_tag","embeddable":true,"href":"http:\/\/www.perupesquero.org\/web\/wp-json\/wp\/v2\/tags?post=21301"}],"curies":[{"name":"wp","href":"https:\/\/api.w.org\/{rel}","templated":true}]}}