{"id":21276,"date":"2021-04-14T11:22:16","date_gmt":"2021-04-14T16:22:16","guid":{"rendered":"http:\/\/www.perupesquero.org\/web\/?p=21276"},"modified":"2021-04-14T11:22:24","modified_gmt":"2021-04-14T16:22:24","slug":"patrullera-maritima-b-a-p-rio-quilca-rescato-embarcacion-pesquera-vilca-i","status":"publish","type":"post","link":"http:\/\/www.perupesquero.org\/web\/patrullera-maritima-b-a-p-rio-quilca-rescato-embarcacion-pesquera-vilca-i\/","title":{"rendered":"Patrullera mar\u00edtima B.A.P R\u00edo Quilca rescat\u00f3 embarcaci\u00f3n pesquera Vilca I"},"content":{"rendered":"\n<p>El d\u00eda lunes 12 de abril en horas de la noche, personal de la Patrullera Mar\u00edtima BAP R\u00edo Quilca rescat\u00f3 a 6 tripulantes de la embarcaci\u00f3n pesquera \u201cVilca I\u201d, que sufri\u00f3 un accidente en altamar, aproximadamente a 16 millas de la Bah\u00eda del Puerto de Ilo.<\/p>\n\n\n\n<p>La Capitan\u00eda de Puerto de Ilo dio inicio a las acciones de b\u00fasqueda y rescate, tras recibir la llamada telef\u00f3nica de un familiar del patr\u00f3n de la embarcaci\u00f3n, quien inform\u00f3 acerca de dicho accidente. Posteriormente, se dispuso el zarpe de la Patrullera Mar\u00edtima BAP \u201cR\u00edo Quilca\u201d para efectuar el auxilio correspondiente.<\/p>\n\n\n\n<p>Las personas rescatadas fueron trasladadas al Desembarcadero Pesquero Artesanal de Ilo, donde los esperaba una ambulancia para ser llevados a un hospital de la zona para evaluar su estado de salud.<\/p>\n\n\n\n<p>La Autoridad Mar\u00edtima Nacional reitera el compromiso de salvaguardar la vida humana en el mar, brindando apoyo a la comunidad mar\u00edtima dentro del \u00e1mbito de su competencia.<\/p>\n\n\n\n<p>Fuente: dicapi<\/p>\n","protected":false},"excerpt":{"rendered":"<p>El d\u00eda lunes 12 de abril en horas de la noche, personal de la Patrullera Mar\u00edtima BAP R\u00edo Quilca rescat\u00f3 a 6 tripulantes de la embarcaci\u00f3n pesquera \u201cVilca I\u201d, que sufri\u00f3 un accidente en altamar, aproximadamente a 16 millas de la Bah\u00eda del Puerto de Ilo. La Capitan\u00eda de Puerto de Ilo dio inicio a [&hellip;]<\/p>\n","protected":false},"author":2,"featured_media":21277,"comment_status":"open","ping_status":"open","sticky":false,"template":"","format":"standard","meta":{"footnotes":""},"categories":[78,63],"tags":[],"class_list":["post-21276","post","type-post","status-publish","format-standard","has-post-thumbnail","hentry","category-nacionales","category-noticias"],"_links":{"self":[{"href":"http:\/\/www.perupesquero.org\/web\/wp-json\/wp\/v2\/posts\/21276","targetHints":{"allow":["GET"]}}],"collection":[{"href":"http:\/\/www.perupesquero.org\/web\/wp-json\/wp\/v2\/posts"}],"about":[{"href":"http:\/\/www.perupesquero.org\/web\/wp-json\/wp\/v2\/types\/post"}],"author":[{"embeddable":true,"href":"http:\/\/www.perupesquero.org\/web\/wp-json\/wp\/v2\/users\/2"}],"replies":[{"embeddable":true,"href":"http:\/\/www.perupesquero.org\/web\/wp-json\/wp\/v2\/comments?post=21276"}],"version-history":[{"count":1,"href":"http:\/\/www.perupesquero.org\/web\/wp-json\/wp\/v2\/posts\/21276\/revisions"}],"predecessor-version":[{"id":21278,"href":"http:\/\/www.perupesquero.org\/web\/wp-json\/wp\/v2\/posts\/21276\/revisions\/21278"}],"wp:featuredmedia":[{"embeddable":true,"href":"http:\/\/www.perupesquero.org\/web\/wp-json\/wp\/v2\/media\/21277"}],"wp:attachment":[{"href":"http:\/\/www.perupesquero.org\/web\/wp-json\/wp\/v2\/media?parent=21276"}],"wp:term":[{"taxonomy":"category","embeddable":true,"href":"http:\/\/www.perupesquero.org\/web\/wp-json\/wp\/v2\/categories?post=21276"},{"taxonomy":"post_tag","embeddable":true,"href":"http:\/\/www.perupesquero.org\/web\/wp-json\/wp\/v2\/tags?post=21276"}],"curies":[{"name":"wp","href":"https:\/\/api.w.org\/{rel}","templated":true}]}}