{"id":21245,"date":"2021-04-14T08:27:19","date_gmt":"2021-04-14T13:27:19","guid":{"rendered":"http:\/\/www.perupesquero.org\/web\/?p=21245"},"modified":"2021-04-14T08:31:38","modified_gmt":"2021-04-14T13:31:38","slug":"el-impacto-de-la-pesca-recreativa-lleva-a-cataluna-a-plantear-limites-en-el-mar","status":"publish","type":"post","link":"http:\/\/www.perupesquero.org\/web\/el-impacto-de-la-pesca-recreativa-lleva-a-cataluna-a-plantear-limites-en-el-mar\/","title":{"rendered":"El impacto de la pesca recreativa lleva a Catalu\u00f1a a plantear l\u00edmites en el mar"},"content":{"rendered":"\n<p>Tras constatar que los 54.000 pescadores recreativos que hay en Catalu\u00f1a sacan al a\u00f1o en torno a 1.300 toneladas del mar, la Generalitat estudia ahora limitar la captura de algunas especies para protegerlas de la sobrexplotaci\u00f3n. \u201cAntes de imponer limitaciones, debemos hacer un diagn\u00f3stico para tener una idea clara de gesti\u00f3n\u201d, explica Sergi Tudela, director general de Pesca. El Gobierno catal\u00e1n tambi\u00e9n quiere elevar el perfil del servicio de inspecci\u00f3n y aumentar plazas para reforzar as\u00ed la lucha contra las irregularidades cometidas en un mundo, el marino, caracterizado por su opacidad.<\/p>\n\n\n\n<p>En Catalu\u00f1a hay 50.000 personas que pescan de manera recreativa. El 60% de ellas lo hace con ca\u00f1a desde la costa; el 34%, desde embarcaci\u00f3n; y el 6% restante, con fusil submarino. Son datos del Diagn\u00f3stico de la Pesca Mar\u00edtima Recreativa en Catalu\u00f1a, publicado el pasado julio y en el que han sido encuestados el 16% de los aficionados. Por volumen, sin embargo, la pr\u00e1ctica que m\u00e1s impacto tiene sobre el mar es la pesca de embarcaci\u00f3n, con 760 toneladas sacadas al a\u00f1o, seguida de la captura con ca\u00f1a desde la costa (508), y la submarina (98). Fuentes de la Cofrad\u00eda de Pescadores creen, sin embargo, que la cantidad podr\u00eda ser mucho mayor. El estudio tambi\u00e9n constata que dos de cada diez pescadores recreativos que salen al mar en Catalu\u00f1a lo hacen sin licencia.<\/p>\n\n\n\n<p>Fuente: El pa\u00eds<\/p>\n","protected":false},"excerpt":{"rendered":"<p>Tras constatar que los 54.000 pescadores recreativos que hay en Catalu\u00f1a sacan al a\u00f1o en torno a 1.300 toneladas del mar, la Generalitat estudia ahora limitar la captura de algunas especies para protegerlas de la sobrexplotaci\u00f3n. \u201cAntes de imponer limitaciones, debemos hacer un diagn\u00f3stico para tener una idea clara de gesti\u00f3n\u201d, explica Sergi Tudela, director [&hellip;]<\/p>\n","protected":false},"author":2,"featured_media":21246,"comment_status":"open","ping_status":"open","sticky":false,"template":"","format":"standard","meta":{"footnotes":""},"categories":[63],"tags":[],"class_list":["post-21245","post","type-post","status-publish","format-standard","has-post-thumbnail","hentry","category-noticias"],"_links":{"self":[{"href":"http:\/\/www.perupesquero.org\/web\/wp-json\/wp\/v2\/posts\/21245","targetHints":{"allow":["GET"]}}],"collection":[{"href":"http:\/\/www.perupesquero.org\/web\/wp-json\/wp\/v2\/posts"}],"about":[{"href":"http:\/\/www.perupesquero.org\/web\/wp-json\/wp\/v2\/types\/post"}],"author":[{"embeddable":true,"href":"http:\/\/www.perupesquero.org\/web\/wp-json\/wp\/v2\/users\/2"}],"replies":[{"embeddable":true,"href":"http:\/\/www.perupesquero.org\/web\/wp-json\/wp\/v2\/comments?post=21245"}],"version-history":[{"count":1,"href":"http:\/\/www.perupesquero.org\/web\/wp-json\/wp\/v2\/posts\/21245\/revisions"}],"predecessor-version":[{"id":21247,"href":"http:\/\/www.perupesquero.org\/web\/wp-json\/wp\/v2\/posts\/21245\/revisions\/21247"}],"wp:featuredmedia":[{"embeddable":true,"href":"http:\/\/www.perupesquero.org\/web\/wp-json\/wp\/v2\/media\/21246"}],"wp:attachment":[{"href":"http:\/\/www.perupesquero.org\/web\/wp-json\/wp\/v2\/media?parent=21245"}],"wp:term":[{"taxonomy":"category","embeddable":true,"href":"http:\/\/www.perupesquero.org\/web\/wp-json\/wp\/v2\/categories?post=21245"},{"taxonomy":"post_tag","embeddable":true,"href":"http:\/\/www.perupesquero.org\/web\/wp-json\/wp\/v2\/tags?post=21245"}],"curies":[{"name":"wp","href":"https:\/\/api.w.org\/{rel}","templated":true}]}}