{"id":21109,"date":"2021-04-08T08:25:04","date_gmt":"2021-04-08T13:25:04","guid":{"rendered":"http:\/\/www.perupesquero.org\/web\/?p=21109"},"modified":"2021-04-08T08:41:31","modified_gmt":"2021-04-08T13:41:31","slug":"chile-gremio-salmonero-llama-a-la-tranquilidad-ante-ultimos-eventos-fan","status":"publish","type":"post","link":"http:\/\/www.perupesquero.org\/web\/chile-gremio-salmonero-llama-a-la-tranquilidad-ante-ultimos-eventos-fan\/","title":{"rendered":"Chile: Gremio salmonero llama a la tranquilidad ante \u00faltimos eventos FAN"},"content":{"rendered":"\n<p>Ante lo reportado por algunas compa\u00f1\u00edas socias de SalmonChile, Intesal est\u00e1 realizando un trabajo de vigilancia, sobrevuelos, an\u00e1lisis de muestras y revisi\u00f3n de informaci\u00f3n t\u00e9cnica.<\/p>\n\n\n\n<p>Como es habitual en esta \u00e9poca del a\u00f1o, las Floraciones de Algas Nocivas (FAN) se hacen presente en la macro zona austral. Las FAN son eventos recurrentes y comunes en todos los cuerpos de agua, especialmente en ambientes marinos.<\/p>\n\n\n\n<p>\u201cEl alga causante de esta Floraci\u00f3n Nociva en Fiordo Comau corresponde al Flagelado Heterosigma Akashiwo, del que ya tenemos registros desde el a\u00f1o 1988 el cual, junto con producir una tinci\u00f3n color marr\u00f3n rojizo en el agua, genera problemas a nivel de las branquias, lo que finalmente se traduce en la asfixia de los peces. Este tipo de FAN se debe a causas naturales que dependen de condiciones clim\u00e1ticas y oceanogr\u00e1ficas especiales, las cuales son recurrentes y comunes en todos los cuerpos de agua, a nivel mundial\u201d, coment\u00f3 Ximena Rojas, Jefa \u00c1rea Medio Ambiente.<\/p>\n\n\n\n<p>\u201cEstamos observando una FAN que lamentablemente ha generado mortalidades en centros de producci\u00f3n. Si bien esto genera preocupaci\u00f3n, es importante se\u00f1alar que hasta hoy el evento ha estado acotado a \u00e1reas puntuales, es lo esperable para la \u00e9poca de fin del verano inicio de oto\u00f1o y en una escala que no guarda relaci\u00f3n con lo de 2016. Adem\u00e1s, debemos destacar que la coordinaci\u00f3n p\u00fablica, los sistemas y las empresas han respondido a la contingencia\u201d, explic\u00f3 Esteban Ram\u00edrez, Gerente General de Intesal.<\/p>\n\n\n\n<p>Por otra parte, se est\u00e1 trabajando a nivel de gremio y empresas, para mantener, permanentemente informados a pescadores artesanales, comunidades ind\u00edgenas, trabajadores y otros grupos de inter\u00e9s.<\/p>\n\n\n\n<p>Agenda FAN<\/p>\n\n\n\n<p>Durante los \u00faltimos 5 a\u00f1os Intesal ha trabajado constantemente en desarrollar una agenda de cuatro pilares. \u201cLos dos primeros tratan sobre el monitoreo, pron\u00f3stico y mitigaci\u00f3n; avanzar en ciencia y acortar las brechas de conocimiento a nivel industria y a nivel de la comunidad; y mejorar la coordinaci\u00f3n p\u00fablico privada, lo cual fue un gran aprendizaje de la contingencia pasada, por lo que se ha articulado un di\u00e1logo permanente con la autoridad\u201d, concluy\u00f3 Ram\u00edrez.<\/p>\n\n\n\n<p>Fuente: Mundo Acu\u00edcola<\/p>\n","protected":false},"excerpt":{"rendered":"<p>Ante lo reportado por algunas compa\u00f1\u00edas socias de SalmonChile, Intesal est\u00e1 realizando un trabajo de vigilancia, sobrevuelos, an\u00e1lisis de muestras y revisi\u00f3n de informaci\u00f3n t\u00e9cnica. Como es habitual en esta \u00e9poca del a\u00f1o, las Floraciones de Algas Nocivas (FAN) se hacen presente en la macro zona austral. Las FAN son eventos recurrentes y comunes en [&hellip;]<\/p>\n","protected":false},"author":2,"featured_media":21112,"comment_status":"open","ping_status":"open","sticky":false,"template":"","format":"standard","meta":{"footnotes":""},"categories":[63],"tags":[],"class_list":["post-21109","post","type-post","status-publish","format-standard","has-post-thumbnail","hentry","category-noticias"],"_links":{"self":[{"href":"http:\/\/www.perupesquero.org\/web\/wp-json\/wp\/v2\/posts\/21109","targetHints":{"allow":["GET"]}}],"collection":[{"href":"http:\/\/www.perupesquero.org\/web\/wp-json\/wp\/v2\/posts"}],"about":[{"href":"http:\/\/www.perupesquero.org\/web\/wp-json\/wp\/v2\/types\/post"}],"author":[{"embeddable":true,"href":"http:\/\/www.perupesquero.org\/web\/wp-json\/wp\/v2\/users\/2"}],"replies":[{"embeddable":true,"href":"http:\/\/www.perupesquero.org\/web\/wp-json\/wp\/v2\/comments?post=21109"}],"version-history":[{"count":1,"href":"http:\/\/www.perupesquero.org\/web\/wp-json\/wp\/v2\/posts\/21109\/revisions"}],"predecessor-version":[{"id":21111,"href":"http:\/\/www.perupesquero.org\/web\/wp-json\/wp\/v2\/posts\/21109\/revisions\/21111"}],"wp:featuredmedia":[{"embeddable":true,"href":"http:\/\/www.perupesquero.org\/web\/wp-json\/wp\/v2\/media\/21112"}],"wp:attachment":[{"href":"http:\/\/www.perupesquero.org\/web\/wp-json\/wp\/v2\/media?parent=21109"}],"wp:term":[{"taxonomy":"category","embeddable":true,"href":"http:\/\/www.perupesquero.org\/web\/wp-json\/wp\/v2\/categories?post=21109"},{"taxonomy":"post_tag","embeddable":true,"href":"http:\/\/www.perupesquero.org\/web\/wp-json\/wp\/v2\/tags?post=21109"}],"curies":[{"name":"wp","href":"https:\/\/api.w.org\/{rel}","templated":true}]}}