{"id":20525,"date":"2021-03-14T21:21:13","date_gmt":"2021-03-15T02:21:13","guid":{"rendered":"http:\/\/www.perupesquero.org\/web\/?p=20525"},"modified":"2021-03-14T21:49:14","modified_gmt":"2021-03-15T02:49:14","slug":"hallan-cuerpo-de-adolescente-desaparecido-en-el-mar-de-huacho","status":"publish","type":"post","link":"http:\/\/www.perupesquero.org\/web\/hallan-cuerpo-de-adolescente-desaparecido-en-el-mar-de-huacho\/","title":{"rendered":"Hallan cuerpo de adolescente desaparecido en el Mar de Huacho"},"content":{"rendered":"\n<p>Un adolescente de 13 a\u00f1os de edad (M.B.R) que tras ser arrasado por las fuertes olas del Mar de Huacho, se encontraba desaparecido desde el viernes 12 de marzo, fue hallado por pescadores artesanales que navegaban en la embarcaci\u00f3n pesquera VALIANT.<\/p>\n\n\n\n<p>Fuentes de todo cr\u00e9dito indicaron, que desde que sucedieron los hechos, los familiares, polic\u00eda y Capitan\u00eda del puerto de Huacho, implementaron un operativo de b\u00fasqueda y rescate sin tener resultados.<\/p>\n\n\n\n<p>Sin embargo, tras transcurrir las horas, pescadores artesanales que faenaban frente a la playa Chorrillos en Huacho, pudieron divasar el cuerpo y sin peder tiempo pusieron sobre aviso al Capit\u00e1n de puerto, Christian Fuentes Showing, autoridad que a bordo de la patrullera CHANCAY se encontraba en la zona, por lo que el rescate del cuerpo se dio r\u00e1pidamente, para luego ser trasladado al muelle de Enapu y posteriormente a la morgue del puerto pesquero.<\/p>\n\n\n\n<p>Fuente: Renato Villanueva<\/p>\n\n\n\n<iframe loading=\"lazy\" width=\"100%\" height=\"450\" src=\"https:\/\/www.youtube.com\/embed\/AvTSpac0e7Q\" frameborder=\"0\" allow=\"accelerometer; autoplay; clipboard-write; encrypted-media; gyroscope; picture-in-picture\" allowfullscreen><\/iframe>\n\n\n\n<hr class=\"wp-block-separator\"\/>\n\n\n\n<iframe loading=\"lazy\" width=\"100%\" height=\"450\" src=\"https:\/\/www.youtube.com\/embed\/T1k2ha7txHc\" frameborder=\"0\" allow=\"accelerometer; autoplay; clipboard-write; encrypted-media; gyroscope; picture-in-picture\" allowfullscreen><\/iframe>\n","protected":false},"excerpt":{"rendered":"<p>Un adolescente de 13 a\u00f1os de edad (M.B.R) que tras ser arrasado por las fuertes olas del Mar de Huacho, se encontraba desaparecido desde el viernes 12 de marzo, fue hallado por pescadores artesanales que navegaban en la embarcaci\u00f3n pesquera VALIANT. Fuentes de todo cr\u00e9dito indicaron, que desde que sucedieron los hechos, los familiares, polic\u00eda [&hellip;]<\/p>\n","protected":false},"author":2,"featured_media":20526,"comment_status":"open","ping_status":"open","sticky":false,"template":"","format":"standard","meta":{"footnotes":""},"categories":[63],"tags":[],"class_list":["post-20525","post","type-post","status-publish","format-standard","has-post-thumbnail","hentry","category-noticias"],"_links":{"self":[{"href":"http:\/\/www.perupesquero.org\/web\/wp-json\/wp\/v2\/posts\/20525","targetHints":{"allow":["GET"]}}],"collection":[{"href":"http:\/\/www.perupesquero.org\/web\/wp-json\/wp\/v2\/posts"}],"about":[{"href":"http:\/\/www.perupesquero.org\/web\/wp-json\/wp\/v2\/types\/post"}],"author":[{"embeddable":true,"href":"http:\/\/www.perupesquero.org\/web\/wp-json\/wp\/v2\/users\/2"}],"replies":[{"embeddable":true,"href":"http:\/\/www.perupesquero.org\/web\/wp-json\/wp\/v2\/comments?post=20525"}],"version-history":[{"count":2,"href":"http:\/\/www.perupesquero.org\/web\/wp-json\/wp\/v2\/posts\/20525\/revisions"}],"predecessor-version":[{"id":20530,"href":"http:\/\/www.perupesquero.org\/web\/wp-json\/wp\/v2\/posts\/20525\/revisions\/20530"}],"wp:featuredmedia":[{"embeddable":true,"href":"http:\/\/www.perupesquero.org\/web\/wp-json\/wp\/v2\/media\/20526"}],"wp:attachment":[{"href":"http:\/\/www.perupesquero.org\/web\/wp-json\/wp\/v2\/media?parent=20525"}],"wp:term":[{"taxonomy":"category","embeddable":true,"href":"http:\/\/www.perupesquero.org\/web\/wp-json\/wp\/v2\/categories?post=20525"},{"taxonomy":"post_tag","embeddable":true,"href":"http:\/\/www.perupesquero.org\/web\/wp-json\/wp\/v2\/tags?post=20525"}],"curies":[{"name":"wp","href":"https:\/\/api.w.org\/{rel}","templated":true}]}}